{"id":1816,"date":"2018-02-21T13:24:48","date_gmt":"2018-02-21T11:24:48","guid":{"rendered":"http:\/\/www.hetor.it\/site\/?p=1816"},"modified":"2018-02-21T13:24:48","modified_gmt":"2018-02-21T11:24:48","slug":"oasi-protetta-di-persano","status":"publish","type":"post","link":"http:\/\/www.hetor.it\/site\/oasi-protetta-di-persano\/","title":{"rendered":"L&#8217;Oasi protetta di Persano"},"content":{"rendered":"<p>Nel cuore della <strong>Riserva naturale Foce Sele &#8211; Tanagro\u00a0<\/strong>si trova l&#8217;<strong>Oasi WWF di Persano,\u00a0<\/strong>dichiarata zona umida di importanza Internazionale dalla Convenzione di Ramsar.<\/p>\n<p>L\u2019area \u00e8 situata nei Comuni di Serre e Campagna (SA) ed ha un\u2019estensione di 110 ettari, 70 dei quali occupati dal bacino idrico. L&#8217;Oasi, infatti, \u00e8 stata istituita nel 1981 intorno ad un lago artificiale formatosi in seguito allo sbarramento del fiume Sele.<\/p>\n<p>La presenza della diga, ultimata nel 1934, e del bacino artificiale hanno contribuito ad un&#8217;evoluzione dei sistemi naturali, attivando una serie di fenomeni quali esondazioni di piccola portata, formazione di specchi d\u2019acqua secondari ed ambienti di notevole interesse naturalistico.<\/p>\n<p>Il <a href=\"http:\/\/www.bonificadestrasele.it\/\">Consorzio di Bonifica Destra Sele<\/a> che gestisce la diga, nel 1980 ha affidato al <a href=\"https:\/\/www.wwf.it\/\"><strong>WWF<\/strong><\/a> il compito della gestione naturalistica dell&#8217;area.<\/p>\n<p>L\u2019Oasi e la confinante Tenuta Militare di Persano formano una grande isola verde le cui caratteristiche naturali si sono mantenute pressoch\u00e9 inalterate.<\/p>\n<link rel=\"import\" href=\"http:\/\/deep.routetopa.eu\/deep\/COMPONENTS\/datalets\/leafletjs-datalet\/leafletjs-datalet.html\" \/><div class=\"rtpa-lazy rtpa-hide\" data-datalet=\"%3Cleafletjs-datalet%20datalet-id%3D%223942%22%20datalet-type%3D%22leafletjs-datalet%22%20data-url%3D%22http%3A%2F%2Fhetor.databenc.it%2Fapi%2F3%2Faction%2Fdatastore_search%3Fresource_id%3D98e28d55-247b-4973-b143-7f7657e957bc%26amp%3Blimit%3D99999%22%20selectedfields%3D%22%5B%7B%26quot%3Bfield%26quot%3B%3A%26quot%3BLatitude%26quot%3B%2C%26quot%3Bvalue%26quot%3B%3A%26quot%3BGeolocalizzazione%26quot%3B%2C%26quot%3Bindex%26quot%3B%3A6%7D%2C%7B%26quot%3Bfield%26quot%3B%3A%26quot%3BLongitude%26quot%3B%2C%26quot%3Bvalue%26quot%3B%3A%26quot%3BGeolocalizzazione%26quot%3B%2C%26quot%3Bindex%26quot%3B%3A6%7D%2C%7B%26quot%3Bfield%26quot%3B%3A%26quot%3BBalloonContent%26quot%3B%2C%26quot%3Bvalue%26quot%3B%3A%26quot%3BDenominazione%26quot%3B%2C%26quot%3Bindex%26quot%3B%3A17%7D%2C%7B%26quot%3Bfield%26quot%3B%3A%26quot%3BBalloonContent%26quot%3B%2C%26quot%3Bvalue%26quot%3B%3A%26quot%3BCaratteristiche%26quot%3B%2C%26quot%3Bindex%26quot%3B%3A16%7D%2C%7B%26quot%3Bfield%26quot%3B%3A%26quot%3BBalloonContent%26quot%3B%2C%26quot%3Bvalue%26quot%3B%3A%26quot%3BURL%20Immagine%26quot%3B%2C%26quot%3Bindex%26quot%3B%3A18%7D%2Cnull%2Cnull%2Cnull%2Cnull%2Cnull%2Cnull%2Cnull%2Cnull%2Cnull%2Cnull%2Cnull%2Cnull%2Cnull%2Cnull%2Cnull%5D%22%20filters%3D%22%5B%7B%26quot%3Bfield%26quot%3B%3A%26quot%3BDenominazione%26quot%3B%2C%26quot%3Boperation%26quot%3B%3A%26quot%3Bcontains%26quot%3B%2C%26quot%3Bvalue%26quot%3B%3A%26quot%3Bpersano%26quot%3B%2C%26quot%3BlogicalOperator%26quot%3B%3A%26quot%3B%26quot%3B%2C%26quot%3Blp%26quot%3B%3A%26quot%3B%26quot%3B%2C%26quot%3Brp%26quot%3B%3A%26quot%3B%26quot%3B%7D%5D%22%20aggregators%3D%22%5B%5D%22%20orders%3D%22%5B%5D%22%20datalettitle%3D%22Posizione%20Oasi%20di%20Persano%20%22%20description%3D%22%22%3E%3C%2Fleafletjs-datalet%3E\"><\/div>\n<p>Gli insediamenti pi\u00f9 antichi nella zona sono stati ritrovati nelle zone interne collinari e sembrano risalire alla <strong>media et\u00e0 del bronzo<\/strong>.<\/p>\n<p>Ai tempi dei Romani, l\u2019area gi\u00e0 aveva una certa importanza, testimoniata dalla presenza del santuario di Hera Argiva; mentre in epoca coloniale fu teatro dei passi pi\u00f9 significativi della storia di Posidonia-Paestum.<\/p>\n<p>L\u2019evoluzione del paesaggio della pianura alluvionale del Sele ha seguito per secoli le dinamiche del fiume, restando una zona pressoch\u00e9 invariata dal punto di vista vegetale e faunistico, fino alla fine del XIX secolo.<\/p>\n<p>Infatti, nel \u2018700, tale ricchezza vegetale e l&#8217;abbondanza di animali indussero i Borboni a eleggere Persano <strong>&#8220;sito reale&#8221;<\/strong>: l&#8217;area, dunque, divenne un territorio riservato alla caccia del re.<\/p>\n<p>A partire dal 1885, con la bonifica della palude costiera, si sono avviate una serie di trasformazioni proseguite fino agli anni &#8217;30. L&#8217;area di Persano, insieme a poche altre, \u00e8 sfuggita alla trasformazione generalizzata del XX secolo, preservando i boschi umidi planiziali che ospitano una fauna particolarmente ricca di specie, anche rare come la lontra.<\/p>\n<p>&nbsp;<\/p>\n<link rel=\"import\" href=\"http:\/\/deep.routetopa.eu\/deep\/COMPONENTS\/datalets\/mediaslider-datalet\/mediaslider-datalet.html\" \/><div class=\"rtpa-lazy rtpa-hide\" data-datalet=\"%3Cmediaslider-datalet%20datalet-id%3D%223941%22%20datalet-type%3D%22mediaslider-datalet%22%20data-url%3D%22http%3A%2F%2Fhetor.databenc.it%2Fapi%2F3%2Faction%2Fdatastore_search%3Fresource_id%3D98e28d55-247b-4973-b143-7f7657e957bc%26amp%3Blimit%3D99999%22%20selectedfields%3D%22%5B%7B%26quot%3Bfield%26quot%3B%3A%26quot%3BMediaUrl%26quot%3B%2C%26quot%3Bvalue%26quot%3B%3A%26quot%3BURL%20Immagine%26quot%3B%2C%26quot%3Bindex%26quot%3B%3A18%7D%2C%7B%26quot%3Bfield%26quot%3B%3A%26quot%3BMediaTitle%26quot%3B%2C%26quot%3Bvalue%26quot%3B%3A%26quot%3BDenominazione%26quot%3B%2C%26quot%3Bindex%26quot%3B%3A6%7D%2C%7B%26quot%3Bfield%26quot%3B%3A%26quot%3BMediaDescription%26quot%3B%2C%26quot%3Bvalue%26quot%3B%3A%26quot%3BOrganismo%20di%20Gestione%26quot%3B%2C%26quot%3Bindex%26quot%3B%3A10%7D%5D%22%20filters%3D%22%5B%7B%26quot%3Bfield%26quot%3B%3A%26quot%3BOrganismo%20di%20Gestione%26quot%3B%2C%26quot%3Boperation%26quot%3B%3A%26quot%3Bcontains%26quot%3B%2C%26quot%3Bvalue%26quot%3B%3A%26quot%3BWWF%26quot%3B%2C%26quot%3BlogicalOperator%26quot%3B%3A%26quot%3B%26quot%3B%2C%26quot%3Blp%26quot%3B%3A%26quot%3B%26quot%3B%2C%26quot%3Brp%26quot%3B%3A%26quot%3B%26quot%3B%7D%5D%22%20aggregators%3D%22%5B%5D%22%20orders%3D%22%5B%5D%22%20animation%3D%22random%22%20datalettitle%3D%22Aree%20naturali%20della%20Campania%20gestite%20dal%20WWF%22%20description%3D%22%22%3E%3C%2Fmediaslider-datalet%3E\"><\/div>\n<p>&nbsp;<\/p>\n<p>L\u2019area \u00e8 conosciuta soprattutto per la presenza di questo animale, che costituisce il simbolo dell&#8217;Oasi e motivo principale della sua istituzione. Il bacino del Sele, infatti, \u00e8 uno degli ultimi rifugi per la <strong>lontra<\/strong>, il mammifero terrestre pi\u00f9 raro d&#8217;Italia e ad alto rischio di estinzione, che merita adeguate azioni di conservazione.<\/p>\n<p>Tuttavia, la lontra non \u00e8 l&#8217;unico animale che \u00e8 possibile incontrare nell&#8217;area. L\u2019Oasi, essendo un\u2019area umida, costituisce un riparo ed un punto di ristoro per gli uccelli: finora sono state segnalate 184 specie.<\/p>\n<p>Inoltre, all\u2019interno dell\u2019Oasi e nei suoi immediati dintorni si pu\u00f2 apprezzare un diversificato mosaico vegetazionale costituito da un gran numero di ambienti erbacei, arborei ed arbustivi che sono alla base della grande biodiversit\u00e0 che caratterizza l\u2019area.<\/p>\n<p>E&#8217; possibile visitare l&#8217;area accompagnati dalla guida, raggiungendo il <strong>Sentiero Natura<\/strong> all\u2019interno del territorio protetto, lungo il quale vengono accompagnati i visitatori in base alle loro esigenze e conoscenze naturalistiche.<\/p>\n<p>I periodi piu\u2019 interessanti per le osservazioni sono l\u2019autunno, quando si raggiunge la massima concentrazione di uccelli acquatici svernanti, e la primavera, quando il paesaggio si colora con le fioriture dei prati.<\/p>\n<p>&nbsp;<\/p>\n<link rel=\"import\" href=\"http:\/\/deep.routetopa.eu\/deep\/COMPONENTS\/datalets\/columnchart-datalet\/columnchart-datalet.html\" \/><div class=\"rtpa-lazy rtpa-hide\" data-datalet=\"%3Ccolumnchart-datalet%20datalet-id%3D%223946%22%20datalet-type%3D%22columnchart-datalet%22%20data-url%3D%22http%3A%2F%2Fhetor.databenc.it%2Fapi%2F3%2Faction%2Fdatastore_search%3Fresource_id%3D98e28d55-247b-4973-b143-7f7657e957bc%26amp%3Blimit%3D99999%22%20selectedfields%3D%22%5B%7B%26quot%3Bfield%26quot%3B%3A%26quot%3BXAxis%26quot%3B%2C%26quot%3Bvalue%26quot%3B%3A%26quot%3BTipologia%26quot%3B%2C%26quot%3Bindex%26quot%3B%3A2%7D%2C%7B%26quot%3Bfield%26quot%3B%3A%26quot%3BNumericYAxis%26quot%3B%2C%26quot%3Bvalue%26quot%3B%3A%26quot%3BCOUNT%28Denominazione%29%26quot%3B%2C%26quot%3Bindex%26quot%3B%3A1%7D%2Cnull%2C%7B%26quot%3Bfield%26quot%3B%3A%26quot%3BCategories%26quot%3B%2C%26quot%3Bvalue%26quot%3B%3A%26quot%3BProtetta%26quot%3B%2C%26quot%3Bindex%26quot%3B%3A1%7D%5D%22%20filters%3D%22%5B%5D%22%20aggregators%3D%22%5B%7B%26quot%3Bfield%26quot%3B%3A%26quot%3BProtetta%26quot%3B%2C%26quot%3Boperation%26quot%3B%3A%26quot%3BGROUP%20BY%26quot%3B%7D%2C%7B%26quot%3Bfield%26quot%3B%3A%26quot%3BTipologia%26quot%3B%2C%26quot%3Boperation%26quot%3B%3A%26quot%3BGROUP%20BY%26quot%3B%7D%2C%7B%26quot%3Bfield%26quot%3B%3A%26quot%3BDenominazione%26quot%3B%2C%26quot%3Boperation%26quot%3B%3A%26quot%3BCOUNT%26quot%3B%7D%5D%22%20orders%3D%22%5B%7B%26quot%3Bfield%26quot%3B%3A%26quot%3BProtetta%26quot%3B%2C%26quot%3Boperation%26quot%3B%3A%26quot%3BDESC%26quot%3B%7D%5D%22%20x-axis-label%3D%22Tipologia%20aree%20naturali%22%20y-axis-label%3D%22Numero%20di%20aree%20protette%20e%20non%20protette%22%20suffix%3D%22%22%20legend%3D%22topRight%22%20data-labels%3D%22true%22%20stack%3D%22false%22%20theme%3D%22themeSandSignika%22%20datalettitle%3D%22Aree%20naturali%20in%20Campania%20protette%20e%20non%20protette%22%20description%3D%22Si%20evidenzia%20che%20tra%20le%2013%20OASI%20solo%202%20sono%20protette%22%3E%3C%2Fcolumnchart-datalet%3E\"><\/div>\n<p>&nbsp;<\/p>\n<p>Dal 1 Marzo, \u00e8 possibile <strong>visitare l&#8217;Oasi<\/strong> secondo alcuni giorni e orari prestabiliti. In particolare:<\/p>\n<ul>\n<li>per i gruppi organizzati e le scuole, \u00e8 possibile fare delle visite guidate su prenotazione, tutti i giorni in orario da concordare. La visita dura circa due ore e mezza.<\/li>\n<li>per il pubblico, \u00e8 possibile effettuare le visite guidate tutti i giorni su prenotazione, dalle 10.00 alle 15.00 nel periodo invernale (ottobre-maggio) e dalle 9.00 alle 17.00 nel il periodo estivo (giugno-settembre).<\/li>\n<\/ul>\n<p>Per fotografi e <em>birdwatcher <\/em>sono previsti ingressi eccezionali, in alcuni periodi, da concordare con la direzione.<\/p>\n<p>Per maggiori informazioni, potete visitare la <a href=\"https:\/\/www.facebook.com\/OasiWwfDiPersano\/\">pagina Facebook<\/a> dedicata all&#8217;Oasi.<\/p>\n<p>&nbsp;<\/p>\n<p>&nbsp;<\/p>\n","protected":false},"excerpt":{"rendered":"<div class=\"slide-text-bg2\">\n<h3>Nel cuore della Riserva naturale Foce Sele &#8211; Tanagro\u00a0si trova l&#8217;Oasi WWF di Persano,\u00a0dichiarata zona umida di importanza Internazionale dalla<\/h3>\n<\/div>\n<div class=\"flex-btn-div\"><a href=\"http:\/\/www.hetor.it\/site\/oasi-protetta-di-persano\/\" class=\"btn1 flex-btn\">Leggi tutto<\/a><\/div>\n","protected":false},"author":8,"featured_media":1817,"comment_status":"open","ping_status":"open","sticky":false,"template":"","format":"standard","meta":{"_monsterinsights_skip_tracking":false,"_monsterinsights_sitenote_active":false,"_monsterinsights_sitenote_note":"","_monsterinsights_sitenote_category":0,"footnotes":""},"categories":[9,22],"tags":[],"coauthors":[8],"yoast_head":"<!-- This site is optimized with the Yoast SEO plugin v23.0 - https:\/\/yoast.com\/wordpress\/plugins\/seo\/ -->\n<title>L&#039;Oasi protetta di Persano - Hetor<\/title>\n<meta name=\"description\" content=\"Nel cuore della Riserva Foce Sele-Tanagro\u00a0si trova l&#039;Oasi WWF di Persano, dove si pu\u00f2 incontrare la lontra, il mammifero terrestre pi\u00f9 raro d&#039;Italia.\" \/>\n<meta name=\"robots\" content=\"index, follow, max-snippet:-1, max-image-preview:large, max-video-preview:-1\" \/>\n<link rel=\"canonical\" href=\"http:\/\/www.hetor.it\/site\/oasi-protetta-di-persano\/\" \/>\n<meta property=\"og:locale\" content=\"it_IT\" \/>\n<meta property=\"og:type\" content=\"article\" \/>\n<meta property=\"og:title\" content=\"L&#039;Oasi protetta di Persano - Hetor\" \/>\n<meta property=\"og:description\" content=\"Nel cuore della Riserva Foce Sele-Tanagro\u00a0si trova l&#039;Oasi WWF di Persano, dove si pu\u00f2 incontrare la lontra, il mammifero terrestre pi\u00f9 raro d&#039;Italia.\" \/>\n<meta property=\"og:url\" content=\"http:\/\/www.hetor.it\/site\/oasi-protetta-di-persano\/\" \/>\n<meta property=\"og:site_name\" content=\"Hetor\" \/>\n<meta property=\"article:publisher\" content=\"https:\/\/www.facebook.com\/progettohetor\/\" \/>\n<meta property=\"article:published_time\" content=\"2018-02-21T11:24:48+00:00\" \/>\n<meta property=\"og:image\" content=\"http:\/\/www.hetor.it\/site\/wp-content\/uploads\/2018\/02\/Oasi-di-Persano.png\" \/>\n\t<meta property=\"og:image:width\" content=\"740\" \/>\n\t<meta property=\"og:image:height\" content=\"410\" \/>\n\t<meta property=\"og:image:type\" content=\"image\/png\" \/>\n<meta name=\"author\" content=\"Carmela Luciano\" \/>\n<meta name=\"twitter:card\" content=\"summary_large_image\" \/>\n<meta name=\"twitter:label1\" content=\"Scritto da\" \/>\n\t<meta name=\"twitter:data1\" content=\"Carmela Luciano\" \/>\n\t<meta name=\"twitter:label2\" content=\"Tempo di lettura stimato\" \/>\n\t<meta name=\"twitter:data2\" content=\"6 minuti\" \/>\n\t<meta name=\"twitter:label3\" content=\"Written by\" \/>\n\t<meta name=\"twitter:data3\" content=\"Carmela Luciano\" \/>\n<script type=\"application\/ld+json\" class=\"yoast-schema-graph\">{\"@context\":\"https:\/\/schema.org\",\"@graph\":[{\"@type\":\"Article\",\"@id\":\"http:\/\/www.hetor.it\/site\/oasi-protetta-di-persano\/#article\",\"isPartOf\":{\"@id\":\"http:\/\/www.hetor.it\/site\/oasi-protetta-di-persano\/\"},\"author\":{\"name\":\"Carmela Luciano\",\"@id\":\"http:\/\/www.hetor.it\/site\/#\/schema\/person\/9f39cda61bd129e8dcdbb42f988d8717\"},\"headline\":\"L&#8217;Oasi protetta di Persano\",\"datePublished\":\"2018-02-21T11:24:48+00:00\",\"dateModified\":\"2018-02-21T11:24:48+00:00\",\"mainEntityOfPage\":{\"@id\":\"http:\/\/www.hetor.it\/site\/oasi-protetta-di-persano\/\"},\"wordCount\":1302,\"commentCount\":0,\"publisher\":{\"@id\":\"http:\/\/www.hetor.it\/site\/#organization\"},\"image\":{\"@id\":\"http:\/\/www.hetor.it\/site\/oasi-protetta-di-persano\/#primaryimage\"},\"thumbnailUrl\":\"http:\/\/www.hetor.it\/site\/wp-content\/uploads\/2018\/02\/Oasi-di-Persano.png\",\"articleSection\":[\"Editoriale\",\"Turismo\"],\"inLanguage\":\"it-IT\",\"potentialAction\":[{\"@type\":\"CommentAction\",\"name\":\"Comment\",\"target\":[\"http:\/\/www.hetor.it\/site\/oasi-protetta-di-persano\/#respond\"]}]},{\"@type\":\"WebPage\",\"@id\":\"http:\/\/www.hetor.it\/site\/oasi-protetta-di-persano\/\",\"url\":\"http:\/\/www.hetor.it\/site\/oasi-protetta-di-persano\/\",\"name\":\"L'Oasi protetta di Persano - Hetor\",\"isPartOf\":{\"@id\":\"http:\/\/www.hetor.it\/site\/#website\"},\"primaryImageOfPage\":{\"@id\":\"http:\/\/www.hetor.it\/site\/oasi-protetta-di-persano\/#primaryimage\"},\"image\":{\"@id\":\"http:\/\/www.hetor.it\/site\/oasi-protetta-di-persano\/#primaryimage\"},\"thumbnailUrl\":\"http:\/\/www.hetor.it\/site\/wp-content\/uploads\/2018\/02\/Oasi-di-Persano.png\",\"datePublished\":\"2018-02-21T11:24:48+00:00\",\"dateModified\":\"2018-02-21T11:24:48+00:00\",\"description\":\"Nel cuore della Riserva Foce Sele-Tanagro\u00a0si trova l'Oasi WWF di Persano, dove si pu\u00f2 incontrare la lontra, il mammifero terrestre pi\u00f9 raro d'Italia.\",\"breadcrumb\":{\"@id\":\"http:\/\/www.hetor.it\/site\/oasi-protetta-di-persano\/#breadcrumb\"},\"inLanguage\":\"it-IT\",\"potentialAction\":[{\"@type\":\"ReadAction\",\"target\":[\"http:\/\/www.hetor.it\/site\/oasi-protetta-di-persano\/\"]}]},{\"@type\":\"ImageObject\",\"inLanguage\":\"it-IT\",\"@id\":\"http:\/\/www.hetor.it\/site\/oasi-protetta-di-persano\/#primaryimage\",\"url\":\"http:\/\/www.hetor.it\/site\/wp-content\/uploads\/2018\/02\/Oasi-di-Persano.png\",\"contentUrl\":\"http:\/\/www.hetor.it\/site\/wp-content\/uploads\/2018\/02\/Oasi-di-Persano.png\",\"width\":740,\"height\":410},{\"@type\":\"BreadcrumbList\",\"@id\":\"http:\/\/www.hetor.it\/site\/oasi-protetta-di-persano\/#breadcrumb\",\"itemListElement\":[{\"@type\":\"ListItem\",\"position\":1,\"name\":\"Home\",\"item\":\"http:\/\/www.hetor.it\/site\/\"},{\"@type\":\"ListItem\",\"position\":2,\"name\":\"L&#8217;Oasi protetta di Persano\"}]},{\"@type\":\"WebSite\",\"@id\":\"http:\/\/www.hetor.it\/site\/#website\",\"url\":\"http:\/\/www.hetor.it\/site\/\",\"name\":\"Hetor\",\"description\":\"La Campania da riscoprire\",\"publisher\":{\"@id\":\"http:\/\/www.hetor.it\/site\/#organization\"},\"potentialAction\":[{\"@type\":\"SearchAction\",\"target\":{\"@type\":\"EntryPoint\",\"urlTemplate\":\"http:\/\/www.hetor.it\/site\/?s={search_term_string}\"},\"query-input\":\"required name=search_term_string\"}],\"inLanguage\":\"it-IT\"},{\"@type\":\"Organization\",\"@id\":\"http:\/\/www.hetor.it\/site\/#organization\",\"name\":\"Hetor\",\"url\":\"http:\/\/www.hetor.it\/site\/\",\"logo\":{\"@type\":\"ImageObject\",\"inLanguage\":\"it-IT\",\"@id\":\"http:\/\/www.hetor.it\/site\/#\/schema\/logo\/image\/\",\"url\":\"http:\/\/www.hetor.it\/site\/wp-content\/uploads\/2016\/11\/hetor-logo-small.jpg\",\"contentUrl\":\"http:\/\/www.hetor.it\/site\/wp-content\/uploads\/2016\/11\/hetor-logo-small.jpg\",\"width\":200,\"height\":200,\"caption\":\"Hetor\"},\"image\":{\"@id\":\"http:\/\/www.hetor.it\/site\/#\/schema\/logo\/image\/\"},\"sameAs\":[\"https:\/\/www.facebook.com\/progettohetor\/\",\"https:\/\/www.instagram.com\/progetto_hetor\/\"]},{\"@type\":\"Person\",\"@id\":\"http:\/\/www.hetor.it\/site\/#\/schema\/person\/9f39cda61bd129e8dcdbb42f988d8717\",\"name\":\"Carmela Luciano\",\"image\":{\"@type\":\"ImageObject\",\"inLanguage\":\"it-IT\",\"@id\":\"http:\/\/www.hetor.it\/site\/#\/schema\/person\/image\/c21b3bc38906c2a387c5353b1f8bb447\",\"url\":\"http:\/\/1.gravatar.com\/avatar\/1ebedaaeaf7a6f8633e6f1718f186c55?s=96&d=mm&r=g\",\"contentUrl\":\"http:\/\/1.gravatar.com\/avatar\/1ebedaaeaf7a6f8633e6f1718f186c55?s=96&d=mm&r=g\",\"caption\":\"Carmela Luciano\"},\"description\":\"Laureata in Lingue e Letterature Moderne presso l'Universit\u00e0 degli Studi di Salerno. Borsista presso ISISLab all'Universit\u00e0 degli Studi di Salerno. Social Media Manager, Open Data Specialist e gestore delle attivit\u00e0 del Progetto Hetor.\",\"url\":\"http:\/\/www.hetor.it\/site\/author\/carluc\/\"}]}<\/script>\n<!-- \/ Yoast SEO plugin. -->","yoast_head_json":{"title":"L'Oasi protetta di Persano - Hetor","description":"Nel cuore della Riserva Foce Sele-Tanagro\u00a0si trova l'Oasi WWF di Persano, dove si pu\u00f2 incontrare la lontra, il mammifero terrestre pi\u00f9 raro d'Italia.","robots":{"index":"index","follow":"follow","max-snippet":"max-snippet:-1","max-image-preview":"max-image-preview:large","max-video-preview":"max-video-preview:-1"},"canonical":"http:\/\/www.hetor.it\/site\/oasi-protetta-di-persano\/","og_locale":"it_IT","og_type":"article","og_title":"L'Oasi protetta di Persano - Hetor","og_description":"Nel cuore della Riserva Foce Sele-Tanagro\u00a0si trova l'Oasi WWF di Persano, dove si pu\u00f2 incontrare la lontra, il mammifero terrestre pi\u00f9 raro d'Italia.","og_url":"http:\/\/www.hetor.it\/site\/oasi-protetta-di-persano\/","og_site_name":"Hetor","article_publisher":"https:\/\/www.facebook.com\/progettohetor\/","article_published_time":"2018-02-21T11:24:48+00:00","og_image":[{"width":740,"height":410,"url":"http:\/\/www.hetor.it\/site\/wp-content\/uploads\/2018\/02\/Oasi-di-Persano.png","type":"image\/png"}],"author":"Carmela Luciano","twitter_card":"summary_large_image","twitter_misc":{"Scritto da":"Carmela Luciano","Tempo di lettura stimato":"6 minuti","Written by":"Carmela Luciano"},"schema":{"@context":"https:\/\/schema.org","@graph":[{"@type":"Article","@id":"http:\/\/www.hetor.it\/site\/oasi-protetta-di-persano\/#article","isPartOf":{"@id":"http:\/\/www.hetor.it\/site\/oasi-protetta-di-persano\/"},"author":{"name":"Carmela Luciano","@id":"http:\/\/www.hetor.it\/site\/#\/schema\/person\/9f39cda61bd129e8dcdbb42f988d8717"},"headline":"L&#8217;Oasi protetta di Persano","datePublished":"2018-02-21T11:24:48+00:00","dateModified":"2018-02-21T11:24:48+00:00","mainEntityOfPage":{"@id":"http:\/\/www.hetor.it\/site\/oasi-protetta-di-persano\/"},"wordCount":1302,"commentCount":0,"publisher":{"@id":"http:\/\/www.hetor.it\/site\/#organization"},"image":{"@id":"http:\/\/www.hetor.it\/site\/oasi-protetta-di-persano\/#primaryimage"},"thumbnailUrl":"http:\/\/www.hetor.it\/site\/wp-content\/uploads\/2018\/02\/Oasi-di-Persano.png","articleSection":["Editoriale","Turismo"],"inLanguage":"it-IT","potentialAction":[{"@type":"CommentAction","name":"Comment","target":["http:\/\/www.hetor.it\/site\/oasi-protetta-di-persano\/#respond"]}]},{"@type":"WebPage","@id":"http:\/\/www.hetor.it\/site\/oasi-protetta-di-persano\/","url":"http:\/\/www.hetor.it\/site\/oasi-protetta-di-persano\/","name":"L'Oasi protetta di Persano - Hetor","isPartOf":{"@id":"http:\/\/www.hetor.it\/site\/#website"},"primaryImageOfPage":{"@id":"http:\/\/www.hetor.it\/site\/oasi-protetta-di-persano\/#primaryimage"},"image":{"@id":"http:\/\/www.hetor.it\/site\/oasi-protetta-di-persano\/#primaryimage"},"thumbnailUrl":"http:\/\/www.hetor.it\/site\/wp-content\/uploads\/2018\/02\/Oasi-di-Persano.png","datePublished":"2018-02-21T11:24:48+00:00","dateModified":"2018-02-21T11:24:48+00:00","description":"Nel cuore della Riserva Foce Sele-Tanagro\u00a0si trova l'Oasi WWF di Persano, dove si pu\u00f2 incontrare la lontra, il mammifero terrestre pi\u00f9 raro d'Italia.","breadcrumb":{"@id":"http:\/\/www.hetor.it\/site\/oasi-protetta-di-persano\/#breadcrumb"},"inLanguage":"it-IT","potentialAction":[{"@type":"ReadAction","target":["http:\/\/www.hetor.it\/site\/oasi-protetta-di-persano\/"]}]},{"@type":"ImageObject","inLanguage":"it-IT","@id":"http:\/\/www.hetor.it\/site\/oasi-protetta-di-persano\/#primaryimage","url":"http:\/\/www.hetor.it\/site\/wp-content\/uploads\/2018\/02\/Oasi-di-Persano.png","contentUrl":"http:\/\/www.hetor.it\/site\/wp-content\/uploads\/2018\/02\/Oasi-di-Persano.png","width":740,"height":410},{"@type":"BreadcrumbList","@id":"http:\/\/www.hetor.it\/site\/oasi-protetta-di-persano\/#breadcrumb","itemListElement":[{"@type":"ListItem","position":1,"name":"Home","item":"http:\/\/www.hetor.it\/site\/"},{"@type":"ListItem","position":2,"name":"L&#8217;Oasi protetta di Persano"}]},{"@type":"WebSite","@id":"http:\/\/www.hetor.it\/site\/#website","url":"http:\/\/www.hetor.it\/site\/","name":"Hetor","description":"La Campania da riscoprire","publisher":{"@id":"http:\/\/www.hetor.it\/site\/#organization"},"potentialAction":[{"@type":"SearchAction","target":{"@type":"EntryPoint","urlTemplate":"http:\/\/www.hetor.it\/site\/?s={search_term_string}"},"query-input":"required name=search_term_string"}],"inLanguage":"it-IT"},{"@type":"Organization","@id":"http:\/\/www.hetor.it\/site\/#organization","name":"Hetor","url":"http:\/\/www.hetor.it\/site\/","logo":{"@type":"ImageObject","inLanguage":"it-IT","@id":"http:\/\/www.hetor.it\/site\/#\/schema\/logo\/image\/","url":"http:\/\/www.hetor.it\/site\/wp-content\/uploads\/2016\/11\/hetor-logo-small.jpg","contentUrl":"http:\/\/www.hetor.it\/site\/wp-content\/uploads\/2016\/11\/hetor-logo-small.jpg","width":200,"height":200,"caption":"Hetor"},"image":{"@id":"http:\/\/www.hetor.it\/site\/#\/schema\/logo\/image\/"},"sameAs":["https:\/\/www.facebook.com\/progettohetor\/","https:\/\/www.instagram.com\/progetto_hetor\/"]},{"@type":"Person","@id":"http:\/\/www.hetor.it\/site\/#\/schema\/person\/9f39cda61bd129e8dcdbb42f988d8717","name":"Carmela Luciano","image":{"@type":"ImageObject","inLanguage":"it-IT","@id":"http:\/\/www.hetor.it\/site\/#\/schema\/person\/image\/c21b3bc38906c2a387c5353b1f8bb447","url":"http:\/\/1.gravatar.com\/avatar\/1ebedaaeaf7a6f8633e6f1718f186c55?s=96&d=mm&r=g","contentUrl":"http:\/\/1.gravatar.com\/avatar\/1ebedaaeaf7a6f8633e6f1718f186c55?s=96&d=mm&r=g","caption":"Carmela Luciano"},"description":"Laureata in Lingue e Letterature Moderne presso l'Universit\u00e0 degli Studi di Salerno. Borsista presso ISISLab all'Universit\u00e0 degli Studi di Salerno. Social Media Manager, Open Data Specialist e gestore delle attivit\u00e0 del Progetto Hetor.","url":"http:\/\/www.hetor.it\/site\/author\/carluc\/"}]}},"_links":{"self":[{"href":"http:\/\/www.hetor.it\/site\/wp-json\/wp\/v2\/posts\/1816"}],"collection":[{"href":"http:\/\/www.hetor.it\/site\/wp-json\/wp\/v2\/posts"}],"about":[{"href":"http:\/\/www.hetor.it\/site\/wp-json\/wp\/v2\/types\/post"}],"author":[{"embeddable":true,"href":"http:\/\/www.hetor.it\/site\/wp-json\/wp\/v2\/users\/8"}],"replies":[{"embeddable":true,"href":"http:\/\/www.hetor.it\/site\/wp-json\/wp\/v2\/comments?post=1816"}],"version-history":[{"count":27,"href":"http:\/\/www.hetor.it\/site\/wp-json\/wp\/v2\/posts\/1816\/revisions"}],"predecessor-version":[{"id":1845,"href":"http:\/\/www.hetor.it\/site\/wp-json\/wp\/v2\/posts\/1816\/revisions\/1845"}],"wp:featuredmedia":[{"embeddable":true,"href":"http:\/\/www.hetor.it\/site\/wp-json\/wp\/v2\/media\/1817"}],"wp:attachment":[{"href":"http:\/\/www.hetor.it\/site\/wp-json\/wp\/v2\/media?parent=1816"}],"wp:term":[{"taxonomy":"category","embeddable":true,"href":"http:\/\/www.hetor.it\/site\/wp-json\/wp\/v2\/categories?post=1816"},{"taxonomy":"post_tag","embeddable":true,"href":"http:\/\/www.hetor.it\/site\/wp-json\/wp\/v2\/tags?post=1816"},{"taxonomy":"author","embeddable":true,"href":"http:\/\/www.hetor.it\/site\/wp-json\/wp\/v2\/coauthors?post=1816"}],"curies":[{"name":"wp","href":"https:\/\/api.w.org\/{rel}","templated":true}]}}