{"id":2749,"date":"2019-06-06T06:30:25","date_gmt":"2019-06-06T04:30:25","guid":{"rendered":"http:\/\/www.hetor.it\/site\/?p=2749"},"modified":"2019-06-06T06:30:25","modified_gmt":"2019-06-06T04:30:25","slug":"scuole-open-data-cultura","status":"publish","type":"post","link":"http:\/\/www.hetor.it\/site\/scuole-open-data-cultura\/","title":{"rendered":"Scuole &#038; Open Data: la cultura vince!"},"content":{"rendered":"<h2>Evento conclusivo dei progetti di Alternanza Scuola &#8211; Lavoro 2018-2019 con il Progetto Hetor<\/h2>\n<p>Marted\u00ec 28 Maggio 2019 si \u00e8 tenuto, presso l&#8217;Aula P1 dell&#8217;Universit\u00e0 degli Studi di Salerno, l&#8217;evento finale dei progetti di <strong>Alternanza Scuola \u2013 Lavoro<\/strong>.<\/p>\n<p>Le scuole coinvolte nelle attivit\u00e0 con il <strong>Progetto Hetor<\/strong> hanno presentato i risultati del lavoro svolto durante il loro percorso.<\/p>\n<p>Gli studenti hanno lavorato nell&#8217;ambito della <strong>valorizzazione del patrimonio culturale della Regione Campania<\/strong>, contribuendo alla creazione di dataset pubblicati con licenza open e consultabili sul <a href=\"http:\/\/www.hetor.it\/dataset\">nostro sito<\/a>.<\/p>\n<p>Hanno aperto la giornata i saluti del Prof. <strong>Vittorio Scarano<\/strong>, <strong>Dipartimento di Informatica<\/strong> dell&#8217;Universit\u00e0 degli Studi di Salerno, che ha ringraziato tutti i presenti per l&#8217;impegno profuso e per la riuscita del progetto.<\/p>\n<p><img loading=\"lazy\" decoding=\"async\" class=\"aligncenter wp-image-2757 size-large\" src=\"http:\/\/www.hetor.it\/site\/wp-content\/uploads\/2019\/06\/IMG_2694-1024x768.jpg\" alt=\"\" width=\"800\" height=\"600\" srcset=\"http:\/\/www.hetor.it\/site\/wp-content\/uploads\/2019\/06\/IMG_2694-1024x768.jpg 1024w, http:\/\/www.hetor.it\/site\/wp-content\/uploads\/2019\/06\/IMG_2694-300x225.jpg 300w, http:\/\/www.hetor.it\/site\/wp-content\/uploads\/2019\/06\/IMG_2694-768x576.jpg 768w\" sizes=\"(max-width: 800px) 100vw, 800px\" \/><\/p>\n<p>&nbsp;<\/p>\n<p>Inoltre, ha preso parte all&#8217;evento la Dott.sa <strong>Angela Cocchiarella<\/strong>, rappresentante del <strong>Team Open Data<\/strong> della Regione Campania, che ha illustrato ai ragazzi l&#8217;importanza dei dati, della figura del data analyst e ha presentato il <a href=\"https:\/\/dati.regione.campania.it\/opendata\/\">nuovo sito<\/a> dedicato agli Open Data messo a punto dalla Regione lo scorso aprile.<\/p>\n<p>Prima di concludere, la Dott.sa Cocchiarella ha invitato gli studenti a partecipare al contest <a href=\"https:\/\/dati.regione.campania.it\/opendata\/contest-opendata\/\"><strong><em>\u201cRappresenta il dataset\u201d<\/em><\/strong><\/a>, indetto proprio dalla Regione Campania sul tema degli Open Data, che dar\u00e0 la possibilit\u00e0 ai vincitori di trascorrere una intera giornata al <strong>Polo Tecnologico di San Giovanni a Teduccio<\/strong>, dove \u00e8 ubicata la <a href=\"https:\/\/www.developeracademy.unina.it\/it\/\"><strong>Apple Developer Academy<\/strong><\/a>, la prima scuola europea per sviluppatori di App.<\/p>\n<p><img loading=\"lazy\" decoding=\"async\" class=\"aligncenter wp-image-2758 size-large\" src=\"http:\/\/www.hetor.it\/site\/wp-content\/uploads\/2019\/06\/IMG_2700-e1559709499190-768x1024.jpg\" alt=\"\" width=\"768\" height=\"1024\" srcset=\"http:\/\/www.hetor.it\/site\/wp-content\/uploads\/2019\/06\/IMG_2700-e1559709499190-768x1024.jpg 768w, http:\/\/www.hetor.it\/site\/wp-content\/uploads\/2019\/06\/IMG_2700-e1559709499190-225x300.jpg 225w\" sizes=\"(max-width: 768px) 100vw, 768px\" \/><\/p>\n<p>&nbsp;<\/p>\n<p>Successivamente la parola \u00e8 passata ai ragazzi, che hanno\u00a0esposto le attivit\u00e0 svolte durante il loro percorso di Alternanza Scuola &#8211; Lavoro con il progetto Hetor.<\/p>\n<p>Le <strong>scuole<\/strong> che hanno partecipato sono:<\/p>\n<ul>\n<li>Liceo Scientifico Statale <em>P.S. Mancini<\/em> \u2013 Avellino (Av)<\/li>\n<li><em>ProfAgri Salerno<\/em> \u2013 sede di Castel San Giorgio (Sa)<\/li>\n<li>I.I.S. <em>Besta-Gloriosi<\/em> &#8211; Battipaglia (Sa)<\/li>\n<\/ul>\n<h3><strong>Liceo Scientifico Statale <em>P.S. Mancini<\/em> \u2013 Avellino<\/strong><\/h3>\n<p>Gli studenti dell\u2019Istituto P.S. Mancini hanno realizzato un dataset:<\/p>\n<ul>\n<li><strong>Il complesso monumentale dell\u2019ex Carcere Borbonico di Avellino \u2013 Sezione scientifica \u2013\u00a0<\/strong>Dataset relativo al materiale presente nella sezione scientifica dell\u2019Ex Carcere Borbonico di Avellino, realizzato partendo dalle schede catalogative realizzate dal prof. Gateano Abate.<\/li>\n<\/ul>\n<script type=\"module\" src=\"https:\/\/deep.routetopa.eu\/deep2\/COMPONENTS\/\/datalets\/piechart-datalet\/..\/lib\/vendors\/webcomponents_polyfill_ff\/webcomponents-hi-sd-ce.js\"><\/script><link rel=\"import\" href=\"https:\/\/deep.routetopa.eu\/deep2\/COMPONENTS\/\/datalets\/piechart-datalet\/piechart-datalet.html\" \/><div class=\"rtpa-lazy rtpa-hide\" data-datalet=\"%3Cpiechart-datalet%20datalet-id%3D%225221%22%20datalet-type%3D%22piechart-datalet%22%20data-url%3D%22http%3A%2F%2Fhetor.databenc.it%2Fapi%2F3%2Faction%2Fdatastore_search%3Fresource_id%3De6263f1f-ce6a-4a78-8a3f-7f87ef41fc7f%26amp%3Blimit%3D99999%22%20selectedfields%3D%22%5B%7B%26quot%3Bfield%26quot%3B%3A%26quot%3BSliceLabels%26quot%3B%2C%26quot%3Bvalue%26quot%3B%3A%26quot%3BSettore%20di%20appartenenza%26quot%3B%2C%26quot%3Bindex%26quot%3B%3A1%7D%2C%7B%26quot%3Bfield%26quot%3B%3A%26quot%3BSliceSizes%26quot%3B%2C%26quot%3Bvalue%26quot%3B%3A%26quot%3BCOUNT%28Denominazione%20oggetto%29%26quot%3B%2C%26quot%3Bindex%26quot%3B%3A1%7D%5D%22%20filters%3D%22%5B%5D%22%20aggregators%3D%22%5B%7B%26quot%3Bfield%26quot%3B%3A%26quot%3BSettore%20di%20appartenenza%26quot%3B%2C%26quot%3Boperation%26quot%3B%3A%26quot%3BGROUP%20BY%26quot%3B%7D%2C%7B%26quot%3Bfield%26quot%3B%3A%26quot%3BDenominazione%20oggetto%26quot%3B%2C%26quot%3Boperation%26quot%3B%3A%26quot%3BCOUNT%26quot%3B%7D%5D%22%20orders%3D%22%5B%5D%22%20suffix%3D%22%22%20legend%3D%22bottom%22%20data-labels%3D%22true%22%20donut%3D%22false%22%20theme%3D%22themeSandSignika%22%20datalettitle%3D%22Strumenti%20divisi%20per%20settore%20di%20appartenenza%22%20description%3D%22%22%20data%3D%22%5B%7B%26quot%3Bname%26quot%3B%3A%26quot%3BSettore%20di%20appartenenza%26quot%3B%2C%26quot%3Bdata%26quot%3B%3A%5B%26quot%3BTermologia%26quot%3B%2C%26quot%3BMeccanica%26quot%3B%2C%26quot%3BOttica%26quot%3B%2C%26quot%3BMeteorologia%26quot%3B%2C%26quot%3BIdraulica%26quot%3B%2C%26quot%3BElettrostatica%26quot%3B%2C%26quot%3BElettricit%C3%A0%26quot%3B%2C%26quot%3BAcustica%26quot%3B%2C%26quot%3BMagnetismo%26quot%3B%2C%26quot%3BElettrologia%26quot%3B%5D%7D%2C%7B%26quot%3Bname%26quot%3B%3A%26quot%3BCOUNT%28Denominazione%20oggetto%29%26quot%3B%2C%26quot%3Bdata%26quot%3B%3A%5B5%2C27%2C16%2C2%2C9%2C12%2C19%2C3%2C1%2C1%5D%7D%5D%22%3E%3C%2Fpiechart-datalet%3E\"><\/div>\n<p>&nbsp;<\/p>\n<h3><strong>ProfAgri Salerno \u2013 sede di Castel San Giorgio<\/strong><\/h3>\n<p>Gli studenti dell\u2019Istituto ProfAgri hanno realizzato 5 dataset:<\/p>\n<ul>\n<li><strong>Foreste regionali in Campania \u2013<\/strong>\u00a0Questo progetto \u00e8 stato realizzato con lo scopo di individuare le caratteristiche, i proprietari, la denominazione, la geo-localizzazione, gli animali, la vegetazione e tante altre informazioni delle foreste presenti nella regione Campania;<\/li>\n<li><strong>Boschi da seme in Campania \u2013<\/strong>\u00a0Censimento dei boschi da seme presenti nel territorio campano, partendo dal file predisposto dalla regione Campania;<\/li>\n<li><strong>Fattorie sociali in Campania<\/strong>\u00a0<strong>\u2013<\/strong>\u00a0Raccolta di tutte le informazioni relative alla caratterizzazione delle Fattorie Sociali presenti nel territorio campano, partendo dal file predisposto dalla Regione Campania;<\/li>\n<li><strong>Presidi Slow Food in Campania<\/strong>\u00a0<strong>\u2013<\/strong>\u00a0Censimento dei prodotti slow food in Campania, partendo dal sito della Fondazione. L\u2019analisi e la ricerca dei dati, partita dal sito della Fondazione Slow Food \u00e8 stata volta alla conoscenza dei prodotti tipici locali.I prodotti riportati provengono dalle diverse province campane e ognuno presenta caratteristiche uniche del proprio genere;<\/li>\n<li><strong>Agriturismi in Campania \u2013 Provincia di Salerno \u2013<\/strong>\u00a0Censimento degli Agriturismi presenti sul territorio di Salerno e provincia. L\u2019analisi e la ricerca dei dati, partita dal file predisposto dalla regione Campania, \u00e8 stata volta alla determinazione delle principali caratteristiche richieste in genere ad una Agriturismo.<\/li>\n<\/ul>\n<script type=\"module\" src=\"https:\/\/deep.routetopa.eu\/deep2\/COMPONENTS\/\/datalets\/italymap-datalet\/..\/lib\/vendors\/webcomponents_polyfill_ff\/webcomponents-hi-sd-ce.js\"><\/script><link rel=\"import\" href=\"https:\/\/deep.routetopa.eu\/deep2\/COMPONENTS\/\/datalets\/italymap-datalet\/italymap-datalet.html\" \/><div class=\"rtpa-lazy rtpa-hide\" data-datalet=\"%3Citalymap-datalet%20datalet-id%3D%225222%22%20datalet-type%3D%22italymap-datalet%22%20data-url%3D%22http%3A%2F%2Fhetor.databenc.it%2Fapi%2F3%2Faction%2Fdatastore_search%3Fresource_id%3D150a16a0-6899-406c-84ca-d135042db52a%26amp%3Blimit%3D99999%22%20selectedfields%3D%22%5B%7B%26quot%3Bfield%26quot%3B%3A%26quot%3BArea%26quot%3B%2C%26quot%3Bvalue%26quot%3B%3A%26quot%3BComune%26quot%3B%2C%26quot%3Bindex%26quot%3B%3A1%7D%2C%7B%26quot%3Bfield%26quot%3B%3A%26quot%3BValue%26quot%3B%2C%26quot%3Bvalue%26quot%3B%3A%26quot%3BCOUNT%28Denominazione%29%26quot%3B%2C%26quot%3Bindex%26quot%3B%3A1%7D%2Cnull%2Cnull%5D%22%20filters%3D%22%5B%5D%22%20aggregators%3D%22%5B%7B%26quot%3Bfield%26quot%3B%3A%26quot%3BComune%26quot%3B%2C%26quot%3Boperation%26quot%3B%3A%26quot%3BGROUP%20BY%26quot%3B%7D%2C%7B%26quot%3Bfield%26quot%3B%3A%26quot%3BDenominazione%26quot%3B%2C%26quot%3Boperation%26quot%3B%3A%26quot%3BCOUNT%26quot%3B%7D%5D%22%20orders%3D%22%5B%5D%22%20map%3D%224_campaniaMunicipality%22%20suffix%3D%22%22%20legend%3D%22bottom%22%20data-labels%3D%22true%22%20theme%3D%22themeSandSignika%22%20datalettitle%3D%22Presenza%20di%20agriturismi%20nella%20Provincia%20di%20Salerno%22%20description%3D%22%22%20data%3D%22%5B%7B%26quot%3Bname%26quot%3B%3A%26quot%3BComune%26quot%3B%2C%26quot%3Bdata%26quot%3B%3A%5B%26quot%3BACERNO%26quot%3B%2C%26quot%3BALTAVILLA%20SILENTINA%26quot%3B%2C%26quot%3BASCEA%26quot%3B%2C%26quot%3BAULETTA%26quot%3B%2C%26quot%3BBARONISSI%26quot%3B%2C%26quot%3BBATTIPAGLIA%26quot%3B%2C%26quot%3BBELLOSGUARDO%26quot%3B%2C%26quot%3BBUCCINO%26quot%3B%2C%26quot%3BBUONABITACOLO%26quot%3B%2C%26quot%3BCAGGIANO%26quot%3B%2C%26quot%3BCALVANICO%26quot%3B%2C%26quot%3BCAMPAGNA%26quot%3B%2C%26quot%3BCAPACCIO%26quot%3B%2C%26quot%3BRUTINO%26quot%3B%2C%26quot%3BCASALBUONO%26quot%3B%2C%26quot%3BCASALVELINO%26quot%3B%2C%26quot%3BCASELLE%20IN%20PITTARI%26quot%3B%2C%26quot%3BCASTELCIVITA%26quot%3B%2C%26quot%3BCASTELLABATE%26quot%3B%2C%26quot%3BCASTELNUOVO%20CILENTO%26quot%3B%2C%26quot%3BCAVA%20DEI%20TIRRENI%26quot%3B%2C%26quot%3BCENTOLA%26quot%3B%2C%26quot%3BCETARA%26quot%3B%2C%26quot%3BCONTURSI%20TERME%26quot%3B%2C%26quot%3BEBOLI%26quot%3B%2C%26quot%3BFELITTO%26quot%3B%2C%26quot%3BFISCIANO%26quot%3B%2C%26quot%3BFURORE%26quot%3B%2C%26quot%3BGIFFONI%20VALLE%20PIANA%26quot%3B%2C%26quot%3BRICIGLIANO%26quot%3B%2C%26quot%3BGIFFONI%20SEI%20CASALI%26quot%3B%2C%26quot%3BLAUREANA%20CILENTO%26quot%3B%2C%26quot%3BLAURITO%26quot%3B%2C%26quot%3BLAVIANO%26quot%3B%2C%26quot%3BMINORI%26quot%3B%2C%26quot%3BMONTECORICE%26quot%3B%2C%26quot%3BMONTECORVINO%20PUGLIANO%26quot%3B%2C%26quot%3BMONTECORVINO%20ROVELLA%26quot%3B%2C%26quot%3BMONTESANO%20SULLA%20MARCELLANA%26quot%3B%2C%26quot%3BNOCERA%20INFERIORE%26quot%3B%2C%26quot%3BNOCERA%20SUPERIORE%26quot%3B%2C%26quot%3BOGLIASTRO%20CILENTO%26quot%3B%2C%26quot%3BOLIVETO%20CITRA%26quot%3B%2C%26quot%3BORRIA%26quot%3B%2C%26quot%3BPADULA%26quot%3B%2C%26quot%3BPAGANI%26quot%3B%2C%26quot%3BPALOMONTE%26quot%3B%2C%26quot%3BPELLEZZANO%26quot%3B%2C%26quot%3BPERDIFUMO%26quot%3B%2C%26quot%3BPERDIFIUMO%26quot%3B%2C%26quot%3BPISCIOTTA%26quot%3B%2C%26quot%3BPOLLA%26quot%3B%2C%26quot%3BPOSITANO%26quot%3B%2C%26quot%3BPONTECAGNANO%20FAIANO%26quot%3B%2C%26quot%3BPRIGNANO%20CILENTO%26quot%3B%2C%26quot%3BROCCADASPIDE%26quot%3B%2C%26quot%3BSALA%20CONSILINA%26quot%3B%2C%26quot%3BSALA%20CONSOLINA%26quot%3B%2C%26quot%3BSANZA%26quot%3B%2C%26quot%3BS.%20CIPRIANO%20PICENTINO%26quot%3B%2C%26quot%3BSALENTO%26quot%3B%2C%26quot%3BSAN%20GREGORIO%20MAGNO%26quot%3B%2C%26quot%3BSAN%20MAURO%20CILENTO%26quot%3B%2C%26quot%3BSAN%20VALENTINO%20TORIO%26quot%3B%2C%26quot%3BSANT%27ARSENIO%26quot%3B%2C%26quot%3BSANT%27ANGELO%20A%20FASANELLA%26quot%3B%2C%26quot%3BSANT%27EGIDIO%20DEL%20MONTE%20ALBINO%26quot%3B%2C%26quot%3BSAPRI%26quot%3B%2C%26quot%3BSARNO%26quot%3B%2C%26quot%3BSASSANO%26quot%3B%2C%26quot%3BSESSA%20CILENTO%26quot%3B%2C%26quot%3BSCAFATI%26quot%3B%2C%26quot%3BSICIGNANO%20DEGLI%20ALBURNI%26quot%3B%2C%26quot%3BSICIGLIANO%20DEGLI%20ALBURNI%26quot%3B%2C%26quot%3BSTELLA%20CILENTO%26quot%3B%2C%26quot%3BTEGGIANO%26quot%3B%2C%26quot%3BTORCHIARA%26quot%3B%2C%26quot%3BTRAMONTI%26quot%3B%2C%26quot%3BTRENTINARA%26quot%3B%2C%26quot%3B%26quot%3B%5D%7D%2C%7B%26quot%3Bname%26quot%3B%3A%26quot%3BCOUNT%28Denominazione%29%26quot%3B%2C%26quot%3Bdata%26quot%3B%3A%5B3%2C1%2C10%2C1%2C1%2C2%2C1%2C5%2C1%2C2%2C2%2C4%2C17%2C3%2C1%2C4%2C1%2C6%2C2%2C1%2C3%2C1%2C1%2C1%2C2%2C2%2C2%2C2%2C5%2C3%2C2%2C1%2C2%2C1%2C2%2C1%2C2%2C7%2C3%2C1%2C2%2C4%2C1%2C1%2C3%2C1%2C2%2C1%2C3%2C2%2C3%2C1%2C1%2C2%2C1%2C8%2C1%2C3%2C4%2C5%2C6%2C4%2C3%2C1%2C1%2C1%2C1%2C1%2C1%2C2%2C1%2C1%2C4%2C3%2C3%2C2%2C2%2C5%2C3%2C1%5D%7D%5D%22%3E%3C%2Fitalymap-datalet%3E\"><\/div>\n<p>&nbsp;<\/p>\n<h3><strong>I.I.S. Besta \u2013 Gloriosi \u2013 Battipaglia<\/strong><\/h3>\n<p>Gli studenti dell\u2019Istituto Besta \u2013 Gloriosi hanno realizzato 2 dataset:<\/p>\n<ul>\n<li><strong>StartUp e Piccole Medie Imprese \u2013 Provincia di Salerno<\/strong>\u00a0<strong>\u2013<\/strong>\u00a0Censimento delle StartUp e delle Piccole Medie Imprese della provincia di Salerno, realizzato attraverso l\u2019utilizzo del sito della Camera di Commercio http:\/\/startup.registroimprese.it;<\/li>\n<li><strong>Aziende di Battipaglia ed Eboli \u2013<\/strong>\u00a0Il dataset contiene informazioni riguardanti tutte le aziende del territorio di Battipaglia e Eboli, suddivise per tipologia di attivit\u00e0. Le informazioni sono state fornite direttamente dalla Camera di Commercio.<\/li>\n<\/ul>\n<script type=\"module\" src=\"https:\/\/deep.routetopa.eu\/deep2\/COMPONENTS\/\/datalets\/timeline-datalet\/..\/lib\/vendors\/webcomponents_polyfill_ff\/webcomponents-hi-sd-ce.js\"><\/script><link rel=\"import\" href=\"https:\/\/deep.routetopa.eu\/deep2\/COMPONENTS\/\/datalets\/timeline-datalet\/timeline-datalet.html\" \/><div class=\"rtpa-lazy rtpa-hide\" data-datalet=\"%3Ctimeline-datalet%20datalet-id%3D%225220%22%20datalet-type%3D%22timeline-datalet%22%20data-url%3D%22http%3A%2F%2Fhetor.databenc.it%2Fapi%2F3%2Faction%2Fdatastore_search%3Fresource_id%3Da8067c74-fec0-4ac6-94f4-ee5fb3df15cc%26amp%3Blimit%3D99999%22%20selectedfields%3D%22%5B%7B%26quot%3Bfield%26quot%3B%3A%26quot%3BStartDate%26quot%3B%2C%26quot%3Bvalue%26quot%3B%3A%26quot%3BAnno%20di%20inizio%20attivit%C3%A0%26quot%3B%2C%26quot%3Bindex%26quot%3B%3A1%7D%2C%7B%26quot%3Bfield%26quot%3B%3A%26quot%3BEndDate%26quot%3B%2C%26quot%3Bvalue%26quot%3B%3A%26quot%3BAnno%20di%20inizio%20attivit%C3%A0%26quot%3B%2C%26quot%3Bindex%26quot%3B%3A1%7D%2C%7B%26quot%3Bfield%26quot%3B%3A%26quot%3BEventTitle%26quot%3B%2C%26quot%3Bvalue%26quot%3B%3A%26quot%3BDenominazione%26quot%3B%2C%26quot%3Bindex%26quot%3B%3A10%7D%2C%7B%26quot%3Bfield%26quot%3B%3A%26quot%3BEventDescription%26quot%3B%2C%26quot%3Bvalue%26quot%3B%3A%26quot%3BAttivit%C3%A0%26quot%3B%2C%26quot%3Bindex%26quot%3B%3A2%7D%2Cnull%2Cnull%2Cnull%2Cnull%2Cnull%2Cnull%2Cnull%2Cnull%2Cnull%2Cnull%2Cnull%2Cnull%2Cnull%2Cnull%2Cnull%2Cnull%2Cnull%2Cnull%2Cnull%2Cnull%5D%22%20filters%3D%22%5B%5D%22%20aggregators%3D%22%5B%5D%22%20orders%3D%22%5B%5D%22%20date-format%3D%22MDY%22%20datalettitle%3D%22Aziende%20di%20Battipaglia%20ed%20Eboli%22%20description%3D%22per%20anno%20di%20inizio%20attivit%C3%A0%22%20data%3D%22%5B%7B%26quot%3Bname%26quot%3B%3A%26quot%3BAnno%20di%20inizio%20attivit%C3%A0%26quot%3B%2C%26quot%3Bdata%26quot%3B%3A%5B%26quot%3B2018%26quot%3B%2C%26quot%3B2018%26quot%3B%2C%26quot%3B2018%26quot%3B%2C%26quot%3B2018%26quot%3B%2C%26quot%3B2018%26quot%3B%2C%26quot%3B2018%26quot%3B%2C%26quot%3B2018%26quot%3B%2C%26quot%3B1996%26quot%3B%2C%26quot%3B2014%26quot%3B%2C%26quot%3B2015%26quot%3B%2C%26quot%3B2017%26quot%3B%2C%26quot%3B2018%26quot%3B%2C%26quot%3B2018%26quot%3B%2C%26quot%3B2018%26quot%3B%2C%26quot%3B2018%26quot%3B%2C%26quot%3B2018%26quot%3B%2C%26quot%3B2018%26quot%3B%2C%26quot%3B2012%26quot%3B%2C%26quot%3B2018%26quot%3B%2C%26quot%3B2018%26quot%3B%2C%26quot%3B2018%26quot%3B%2C%26quot%3B2018%26quot%3B%2C%26quot%3B2018%26quot%3B%2C%26quot%3B2018%26quot%3B%2C%26quot%3B2018%26quot%3B%2C%26quot%3B2018%26quot%3B%2C%26quot%3B2018%26quot%3B%2C%26quot%3B2010%26quot%3B%2C%26quot%3B2014%26quot%3B%2C%26quot%3B2018%26quot%3B%2C%26quot%3B2018%26quot%3B%2C%26quot%3B2018%26quot%3B%2C%26quot%3B2016%26quot%3B%2C%26quot%3B2017%26quot%3B%2C%26quot%3B2018%26quot%3B%2C%26quot%3B2018%26quot%3B%2C%26quot%3B2018%26quot%3B%2C%26quot%3B2018%26quot%3B%2C%26quot%3B2018%26quot%3B%2C%26quot%3B2018%26quot%3B%2C%26quot%3BINFORMAZIONE%20ASSENTE%26quot%3B%2C%26quot%3B2018%26quot%3B%2C%26quot%3B2018%26quot%3B%2C%26quot%3B2018%26quot%3B%2C%26quot%3B2018%26quot%3B%2C%26quot%3B2018%26quot%3B%2C%26quot%3B2018%26quot%3B%2C%26quot%3B2018%26quot%3B%2C%26quot%3B2018%26quot%3B%2C%26quot%3B2018%26quot%3B%2C%26quot%3B2018%26quot%3B%2C%26quot%3B2018%26quot%3B%2C%26quot%3B2018%26quot%3B%2C%26quot%3B2018%26quot%3B%2C%26quot%3B2018%26quot%3B%2C%26quot%3B2001%26quot%3B%2C%26quot%3B2017%26quot%3B%2C%26quot%3B2018%26quot%3B%2C%26quot%3B2018%26quot%3B%2C%26quot%3B2018%26quot%3B%2C%26quot%3B2018%26quot%3B%2C%26quot%3B2017%26quot%3B%2C%26quot%3B2018%26quot%3B%2C%26quot%3B2017%26quot%3B%2C%26quot%3B2018%26quot%3B%2C%26quot%3B2018%26quot%3B%2C%26quot%3B2018%26quot%3B%2C%26quot%3B2018%26quot%3B%2C%26quot%3B2018%26quot%3B%2C%26quot%3B2018%26quot%3B%2C%26quot%3B2018%26quot%3B%2C%26quot%3B2018%26quot%3B%2C%26quot%3B2018%26quot%3B%2C%26quot%3B2018%26quot%3B%2C%26quot%3B2018%26quot%3B%2C%26quot%3B2018%26quot%3B%2C%26quot%3B2018%26quot%3B%2C%26quot%3B2018%26quot%3B%2C%26quot%3B2018%26quot%3B%2C%26quot%3B2018%26quot%3B%2C%26quot%3B2018%26quot%3B%2C%26quot%3B2018%26quot%3B%2C%26quot%3BINFORMAZIONE%20ASSENTE%26quot%3B%2C%26quot%3B2016%26quot%3B%2C%26quot%3B2017%26quot%3B%2C%26quot%3B2017%26quot%3B%2C%26quot%3B2018%26quot%3B%2C%26quot%3B2018%26quot%3B%2C%26quot%3B2018%26quot%3B%2C%26quot%3B2018%26quot%3B%2C%26quot%3B2018%26quot%3B%2C%26quot%3B2018%26quot%3B%2C%26quot%3B2018%26quot%3B%2C%26quot%3B2018%26quot%3B%2C%26quot%3B2018%26quot%3B%2C%26quot%3B2018%26quot%3B%2C%26quot%3B2018%26quot%3B%2C%26quot%3B2018%26quot%3B%2C%26quot%3B2017%26quot%3B%2C%26quot%3B2018%26quot%3B%2C%26quot%3B2018%26quot%3B%2C%26quot%3B2018%26quot%3B%2C%26quot%3B2018%26quot%3B%2C%26quot%3B2018%26quot%3B%2C%26quot%3B2018%26quot%3B%2C%26quot%3B2018%26quot%3B%2C%26quot%3B2018%26quot%3B%2C%26quot%3B2018%26quot%3B%2C%26quot%3B2018%26quot%3B%2C%26quot%3B2018%26quot%3B%2C%26quot%3B2018%26quot%3B%2C%26quot%3B2018%26quot%3B%2C%26quot%3B2018%26quot%3B%2C%26quot%3B2018%26quot%3B%2C%26quot%3B2018%26quot%3B%2C%26quot%3B2018%26quot%3B%2C%26quot%3B2018%26quot%3B%2C%26quot%3B2018%26quot%3B%2C%26quot%3B2018%26quot%3B%2C%26quot%3B2018%26quot%3B%2C%26quot%3B2018%26quot%3B%2C%26quot%3B2018%26quot%3B%2C%26quot%3B2018%26quot%3B%2C%26quot%3B2018%26quot%3B%2C%26quot%3B2018%26quot%3B%2C%26quot%3B2018%26quot%3B%2C%26quot%3B2013%26quot%3B%2C%26quot%3B2018%26quot%3B%2C%26quot%3B2018%26quot%3B%2C%26quot%3B2018%26quot%3B%2C%26quot%3B2018%26quot%3B%2C%26quot%3B2018%26quot%3B%2C%26quot%3B2018%26quot%3B%2C%26quot%3B2018%26quot%3B%2C%26quot%3B2018%26quot%3B%2C%26quot%3B2018%26quot%3B%2C%26quot%3B2018%26quot%3B%2C%26quot%3B2018%26quot%3B%2C%26quot%3B2018%26quot%3B%2C%26quot%3B2018%26quot%3B%2C%26quot%3B2018%26quot%3B%2C%26quot%3B2018%26quot%3B%2C%26quot%3B2018%26quot%3B%2C%26quot%3B2018%26quot%3B%2C%26quot%3B2018%26quot%3B%2C%26quot%3B2018%26quot%3B%2C%26quot%3B2018%26quot%3B%2C%26quot%3B2018%26quot%3B%2C%26quot%3B2018%26quot%3B%2C%26quot%3B2018%26quot%3B%2C%26quot%3B2018%26quot%3B%2C%26quot%3B2018%26quot%3B%2C%26quot%3B2018%26quot%3B%2C%26quot%3B2018%26quot%3B%2C%26quot%3B2018%26quot%3B%2C%26quot%3B2018%26quot%3B%2C%26quot%3B2018%26quot%3B%2C%26quot%3B2018%26quot%3B%2C%26quot%3B2018%26quot%3B%2C%26quot%3B2018%26quot%3B%2C%26quot%3B2018%26quot%3B%2C%26quot%3B2018%26quot%3B%2C%26quot%3B2018%26quot%3B%2C%26quot%3B2018%26quot%3B%2C%26quot%3B2018%26quot%3B%2C%26quot%3B2018%26quot%3B%2C%26quot%3B2018%26quot%3B%2C%26quot%3B2018%26quot%3B%2C%26quot%3B%26quot%3B%2C%26quot%3B%26quot%3B%5D%7D%2C%7B%26quot%3Bname%26quot%3B%3A%26quot%3BAnno%20di%20inizio%20attivit%C3%A0%26quot%3B%2C%26quot%3Bdata%26quot%3B%3A%5B%26quot%3B2018%26quot%3B%2C%26quot%3B2018%26quot%3B%2C%26quot%3B2018%26quot%3B%2C%26quot%3B2018%26quot%3B%2C%26quot%3B2018%26quot%3B%2C%26quot%3B2018%26quot%3B%2C%26quot%3B2018%26quot%3B%2C%26quot%3B1996%26quot%3B%2C%26quot%3B2014%26quot%3B%2C%26quot%3B2015%26quot%3B%2C%26quot%3B2017%26quot%3B%2C%26quot%3B2018%26quot%3B%2C%26quot%3B2018%26quot%3B%2C%26quot%3B2018%26quot%3B%2C%26quot%3B2018%26quot%3B%2C%26quot%3B2018%26quot%3B%2C%26quot%3B2018%26quot%3B%2C%26quot%3B2012%26quot%3B%2C%26quot%3B2018%26quot%3B%2C%26quot%3B2018%26quot%3B%2C%26quot%3B2018%26quot%3B%2C%26quot%3B2018%26quot%3B%2C%26quot%3B2018%26quot%3B%2C%26quot%3B2018%26quot%3B%2C%26quot%3B2018%26quot%3B%2C%26quot%3B2018%26quot%3B%2C%26quot%3B2018%26quot%3B%2C%26quot%3B2010%26quot%3B%2C%26quot%3B2014%26quot%3B%2C%26quot%3B2018%26quot%3B%2C%26quot%3B2018%26quot%3B%2C%26quot%3B2018%26quot%3B%2C%26quot%3B2016%26quot%3B%2C%26quot%3B2017%26quot%3B%2C%26quot%3B2018%26quot%3B%2C%26quot%3B2018%26quot%3B%2C%26quot%3B2018%26quot%3B%2C%26quot%3B2018%26quot%3B%2C%26quot%3B2018%26quot%3B%2C%26quot%3B2018%26quot%3B%2C%26quot%3BINFORMAZIONE%20ASSENTE%26quot%3B%2C%26quot%3B2018%26quot%3B%2C%26quot%3B2018%26quot%3B%2C%26quot%3B2018%26quot%3B%2C%26quot%3B2018%26quot%3B%2C%26quot%3B2018%26quot%3B%2C%26quot%3B2018%26quot%3B%2C%26quot%3B2018%26quot%3B%2C%26quot%3B2018%26quot%3B%2C%26quot%3B2018%26quot%3B%2C%26quot%3B2018%26quot%3B%2C%26quot%3B2018%26quot%3B%2C%26quot%3B2018%26quot%3B%2C%26quot%3B2018%26quot%3B%2C%26quot%3B2018%26quot%3B%2C%26quot%3B2001%26quot%3B%2C%26quot%3B2017%26quot%3B%2C%26quot%3B2018%26quot%3B%2C%26quot%3B2018%26quot%3B%2C%26quot%3B2018%26quot%3B%2C%26quot%3B2018%26quot%3B%2C%26quot%3B2017%26quot%3B%2C%26quot%3B2018%26quot%3B%2C%26quot%3B2017%26quot%3B%2C%26quot%3B2018%26quot%3B%2C%26quot%3B2018%26quot%3B%2C%26quot%3B2018%26quot%3B%2C%26quot%3B2018%26quot%3B%2C%26quot%3B2018%26quot%3B%2C%26quot%3B2018%26quot%3B%2C%26quot%3B2018%26quot%3B%2C%26quot%3B2018%26quot%3B%2C%26quot%3B2018%26quot%3B%2C%26quot%3B2018%26quot%3B%2C%26quot%3B2018%26quot%3B%2C%26quot%3B2018%26quot%3B%2C%26quot%3B2018%26quot%3B%2C%26quot%3B2018%26quot%3B%2C%26quot%3B2018%26quot%3B%2C%26quot%3B2018%26quot%3B%2C%26quot%3B2018%26quot%3B%2C%26quot%3B2018%26quot%3B%2C%26quot%3BINFORMAZIONE%20ASSENTE%26quot%3B%2C%26quot%3B2016%26quot%3B%2C%26quot%3B2017%26quot%3B%2C%26quot%3B2017%26quot%3B%2C%26quot%3B2018%26quot%3B%2C%26quot%3B2018%26quot%3B%2C%26quot%3B2018%26quot%3B%2C%26quot%3B2018%26quot%3B%2C%26quot%3B2018%26quot%3B%2C%26quot%3B2018%26quot%3B%2C%26quot%3B2018%26quot%3B%2C%26quot%3B2018%26quot%3B%2C%26quot%3B2018%26quot%3B%2C%26quot%3B2018%26quot%3B%2C%26quot%3B2018%26quot%3B%2C%26quot%3B2018%26quot%3B%2C%26quot%3B2017%26quot%3B%2C%26quot%3B2018%26quot%3B%2C%26quot%3B2018%26quot%3B%2C%26quot%3B2018%26quot%3B%2C%26quot%3B2018%26quot%3B%2C%26quot%3B2018%26quot%3B%2C%26quot%3B2018%26quot%3B%2C%26quot%3B2018%26quot%3B%2C%26quot%3B2018%26quot%3B%2C%26quot%3B2018%26quot%3B%2C%26quot%3B2018%26quot%3B%2C%26quot%3B2018%26quot%3B%2C%26quot%3B2018%26quot%3B%2C%26quot%3B2018%26quot%3B%2C%26quot%3B2018%26quot%3B%2C%26quot%3B2018%26quot%3B%2C%26quot%3B2018%26quot%3B%2C%26quot%3B2018%26quot%3B%2C%26quot%3B2018%26quot%3B%2C%26quot%3B2018%26quot%3B%2C%26quot%3B2018%26quot%3B%2C%26quot%3B2018%26quot%3B%2C%26quot%3B2018%26quot%3B%2C%26quot%3B2018%26quot%3B%2C%26quot%3B2018%26quot%3B%2C%26quot%3B2018%26quot%3B%2C%26quot%3B2018%26quot%3B%2C%26quot%3B2018%26quot%3B%2C%26quot%3B2013%26quot%3B%2C%26quot%3B2018%26quot%3B%2C%26quot%3B2018%26quot%3B%2C%26quot%3B2018%26quot%3B%2C%26quot%3B2018%26quot%3B%2C%26quot%3B2018%26quot%3B%2C%26quot%3B2018%26quot%3B%2C%26quot%3B2018%26quot%3B%2C%26quot%3B2018%26quot%3B%2C%26quot%3B2018%26quot%3B%2C%26quot%3B2018%26quot%3B%2C%26quot%3B2018%26quot%3B%2C%26quot%3B2018%26quot%3B%2C%26quot%3B2018%26quot%3B%2C%26quot%3B2018%26quot%3B%2C%26quot%3B2018%26quot%3B%2C%26quot%3B2018%26quot%3B%2C%26quot%3B2018%26quot%3B%2C%26quot%3B2018%26quot%3B%2C%26quot%3B2018%26quot%3B%2C%26quot%3B2018%26quot%3B%2C%26quot%3B2018%26quot%3B%2C%26quot%3B2018%26quot%3B%2C%26quot%3B2018%26quot%3B%2C%26quot%3B2018%26quot%3B%2C%26quot%3B2018%26quot%3B%2C%26quot%3B2018%26quot%3B%2C%26quot%3B2018%26quot%3B%2C%26quot%3B2018%26quot%3B%2C%26quot%3B2018%26quot%3B%2C%26quot%3B2018%26quot%3B%2C%26quot%3B2018%26quot%3B%2C%26quot%3B2018%26quot%3B%2C%26quot%3B2018%26quot%3B%2C%26quot%3B2018%26quot%3B%2C%26quot%3B2018%26quot%3B%2C%26quot%3B2018%26quot%3B%2C%26quot%3B2018%26quot%3B%2C%26quot%3B2018%26quot%3B%2C%26quot%3B2018%26quot%3B%2C%26quot%3B2018%26quot%3B%2C%26quot%3B2018%26quot%3B%2C%26quot%3B%26quot%3B%2C%26quot%3B%26quot%3B%5D%7D%2C%7B%26quot%3Bname%26quot%3B%3A%26quot%3BDenominazione%26quot%3B%2C%26quot%3Bdata%26quot%3B%3A%5B%26quot%3BSTRAPIZZAMI%20DI%20TROTTA%20VERONICA%26quot%3B%2C%26quot%3BCREMERIA%20EDELWEISS%20DI%20ANITA%20CASTRI%26quot%3B%2C%26quot%3BPASTICCERIE%20BENEDETTO%20DI%20NAPOLITANO%20VALENTINA%26quot%3B%2C%26quot%3BTREA%20S.A.S.%20DI%20MANZO%20ALESSANDRO%20%26amp%3B%20C.%26quot%3B%2C%26quot%3BYAGOS%20PIZZA%20DI%20MARIA%20RUSSOMANNO%26quot%3B%2C%26quot%3BALBANESE%20FRANCESCO%26quot%3B%2C%26quot%3BSFIZI%20DI%20BRACE%20DI%20BERNARDINO%20CONCU%26quot%3B%2C%26quot%3BGUERRA%20MARKET%20DI%20GUERRA%20RAFFAELE%20%26amp%3B%20C.%20S.N.C.%26quot%3B%2C%26quot%3BENJOY%20DI%20DEL%20GIORNO%20FRANCO%20%26amp%3B%20C.%20S.A.S.%26quot%3B%2C%26quot%3B50%27S%20MEATY%20S.R.L.%26quot%3B%2C%26quot%3BFOOD%20AND%20ART%20S.R.L%26quot%3B%2C%26quot%3BALCHIOSCO%20S.R.L.S.%20-%20SOCIETA%27%20A%20RESPONSABILITA%27%20LIMITATA%26quot%3B%2C%26quot%3BGIAPPO%20BATTIPAGLIA%20S.R.L.S.%26quot%3B%2C%26quot%3BLA%20CLINICA%20DELL%27ASPORTO%20S.R.L.%26quot%3B%2C%26quot%3BDI.CA%20S.R.L.S.%26quot%3B%2C%26quot%3BDOLCE%20%26amp%3B%20BABA%27%20S.R.L.%26quot%3B%2C%26quot%3BDOLCE%20%26amp%3B%20BABA%27%20S.R.L.%26quot%3B%2C%26quot%3BPIZZERIA%20NOVECENTO%20DI%20GALOTTO%20MASSIMO%26quot%3B%2C%26quot%3BMINELLA%20VINCENZO%20NORMAN%26quot%3B%2C%26quot%3BSAZIOLINO%20DI%20MIRRA%20FABIO%26quot%3B%2C%26quot%3BSAVIELLO%20LUCIA%20CHIARA%26quot%3B%2C%26quot%3BBUSSOLA%20SERVIZI%20DI%20RENATO%20BODINI%26quot%3B%2C%26quot%3BPANTAGRUEL%20DI%20PALDO%20GIUSEPPINA%26quot%3B%2C%26quot%3BPIZZERIA%20PARTENOPE%20DI%20CASCONE%20GIOVANNA%26quot%3B%2C%26quot%3BMARRAZZO%20MARIA%26quot%3B%2C%26quot%3BALL%20CHIPS%20DI%20PIRONTI%20LUCA%26quot%3B%2C%26quot%3BRUSSO%20FRANCO%26quot%3B%2C%26quot%3BLA%20FENICE%20DI%20GALLO%20ROSARIO%20%26amp%3B%20C.%20S.A.S.%26quot%3B%2C%26quot%3BCOFFEE%20%26amp%3B%20DRINK%20S.R.L.S.%26quot%3B%2C%26quot%3BEMMECINQUE%20S.R.L.%20SEMPLIFICATA%26quot%3B%2C%26quot%3BDONNA%20PUPETTA%20S.R.L.S.%26quot%3B%2C%26quot%3BIL%20GRANO%20DI%20GERARDO%20E%20DAMIANO%20RUFOLO%20S.N.C.%26quot%3B%2C%26quot%3BIANNECE%20GIUSEPPE%26quot%3B%2C%26quot%3BCORSANO%20DONATO%26quot%3B%2C%26quot%3BSOLO%20PESCE%20DI%20PESTICIO%20GENOVEFFA%26quot%3B%2C%26quot%3BWILLIAM%27S%20DI%20ALBANO%20WILLIAM%26quot%3B%2C%26quot%3BLOCANDA%2018%20DI%20MIHAELA%20BUTNARIU%26quot%3B%2C%26quot%3BPIZZA%20E%20SFIZIO%20DI%20PERRIELLO%20BRUNO%26quot%3B%2C%26quot%3BLA%20PORTA%20DEL%20GUSTO%20DI%20CAMPIONE%20GAETANA%26quot%3B%2C%26quot%3BTOTO%27%20E%20PEPPINO%20DI%20CASILLO%20GIUSEPPE%26quot%3B%2C%26quot%3BANTICA%20PIZZERIA%20S.A.S.%20DI%20CARANDENTE%20COSCIA%20GIORGIO%20%26amp%3B%20C%26quot%3B%2C%26quot%3BSWEET%20PASSION%20DI%20D%27AMATO%20MORENA%26quot%3B%2C%26quot%3BPAME%20FRUIT%20S.R.L.%20SOCIETA%27%20AGRICOLA%26quot%3B%2C%26quot%3BSOCIETA%27%20AGRICOLA%20LUCE%20S.R.L.%26quot%3B%2C%26quot%3BEURO%20MACRI%20SOCIETA%27%20COOPERATIVA%20AGRICOLA%26quot%3B%2C%26quot%3BVERDESELE%20-%20SOCIETA%27%20COOPERATIVA%20AGRICOLA%26quot%3B%2C%26quot%3BFORTUNATO%20MARCO%26quot%3B%2C%26quot%3BFORTUNATO%20SARA%26quot%3B%2C%26quot%3BIANNELLI%20FRANCESCO%26quot%3B%2C%26quot%3BAZIENDA%20AGRICOLA%20PIERRI%20CRISTIANA%26quot%3B%2C%26quot%3BSECONDULFO%20ANNA%26quot%3B%2C%26quot%3BAGRILIFE%20DI%20IANNONE%20ANDREA%26quot%3B%2C%26quot%3BDI%20BUONO%20ANSELMO%26quot%3B%2C%26quot%3BBOCCALUPO%20PATRIZIA%26quot%3B%2C%26quot%3BAZIENDA%20AGRICOLA%20DAMOLIDEO%20CINZIA%26quot%3B%2C%26quot%3BFLORCAMP%20S.R.L.%26quot%3B%2C%26quot%3BSOCIETA%27%20AGRICOLA%20ALFAVERDE%20DI%20ALFANO%20TOMMASO%2C%20ANTONIO%2C%20DANIELA%20E%20MARIA%20ROSARIA%20S.S.%26quot%3B%2C%26quot%3BVECCHIO%20LUIGI%26quot%3B%2C%26quot%3BFRUSCIANTE%20RAFFAELE%26quot%3B%2C%26quot%3BSTEFAN%20ANA%26quot%3B%2C%26quot%3BLE%20TERRE%20DEL%20MONACO%20DI%20MONACO%20TOMMASO%26quot%3B%2C%26quot%3BGIORDANO%20MARIA%20ROSARIA%26quot%3B%2C%26quot%3BAZIENDA%20AGRICOLA%20VICINANZA%20STEFANO%26quot%3B%2C%26quot%3BCASO%20MARIA%26quot%3B%2C%26quot%3BAZIENDA%20AGRICOLA%20LENTISCO%20EMIDDIO%26quot%3B%2C%26quot%3BAZIENDA%20AGRICOLA%20LENTISCO%20CLELIA%26quot%3B%2C%26quot%3BAZIENDA%20AGRICOLA%20DE%20VITA%20ANTONIO%26quot%3B%2C%26quot%3BPALUMBO%20VINCENZO%26quot%3B%2C%26quot%3BOLIVA%20DAMIANO%26quot%3B%2C%26quot%3BAZIENDA%20AGRICOLA%20DI%20DONATO%20DALILA%26quot%3B%2C%26quot%3BAZIENDA%20AGRICOLA%20DI%20DONATO%20DIONEA%26quot%3B%2C%26quot%3BCATAPANO%20ANGELA%26quot%3B%2C%26quot%3BMELUZIO%20ANTONIO%26quot%3B%2C%26quot%3BMARTUCCIELLO%20LIDIA%26quot%3B%2C%26quot%3BD%27ANDRIA%20ALDO%26quot%3B%2C%26quot%3BAZ.%20AGRICOLA%20IL%20GELSO%20DI%20CAGGIANO%20VINCENZO%26quot%3B%2C%26quot%3BAZIENDA%20AGRICOLA%20MEROLA%20MARCO%26quot%3B%2C%26quot%3BAZ.%20AGR.%20RIPA%20DI%20RIPA%20ILENIA%26quot%3B%2C%26quot%3BAZ.%20AGR.%20GIORDANO%20GIANFRANCO%26quot%3B%2C%26quot%3BERRICO%20ORNELLA%26quot%3B%2C%26quot%3BAZ.AGR.%20DEL%20REGNO%20NICOLA%26quot%3B%2C%26quot%3BACCONCIA%20GIUSY%26quot%3B%2C%26quot%3BSOCIETA%27%20AGRICOLA%20SANTA%20LUCIA%20S.R.L.%26quot%3B%2C%26quot%3BFEUDO%20-%20SOCIETA%27%20COOPERATIVA%26quot%3B%2C%26quot%3BL%27OASI%20NELLA%20VALLE%20SOCIETA%27%20AGRICOLA%20S.R.L.%26quot%3B%2C%26quot%3BL%27OASI%20NELLA%20VALLE%20SOCIETA%27%20AGRICOLA%20S.R.L.%26quot%3B%2C%26quot%3BSOCIETA%27%20AGRICOLA%20ALFANO%20S.R.L.S.%26quot%3B%2C%26quot%3BSOCIETA%27%20AGRICOLA%20FLORCAMP%20SOCIETA%27%20A%20RESPONSABILITA%27%20LIMITATA%20SEMPLIFICATA%26quot%3B%2C%26quot%3BSOCIETA%27%20AGRICOLA%20IL%20PREGIATO%20DEL%20CILENTO%20DI%20CICALESE%20VINCENZO%20%26amp%3B%20C.%20S.A.S.%26quot%3B%2C%26quot%3BORTOMI%27%20SOCIETA%27%20AGRICOLA%20S.R.L.%26quot%3B%2C%26quot%3BORTOMI%27%20SOCIETA%27%20AGRICOLA%20S.R.L.%26quot%3B%2C%26quot%3BIL%20NIDO%20D%27ORO%20SOCIETA%27%20AGRICOLA%20S.R.L.%26quot%3B%2C%26quot%3BIL%20NIDO%20D%27ORO%20SOCIETA%27%20AGRICOLA%20S.R.L.%26quot%3B%2C%26quot%3BAROMACO%20SOCIETA%27%20AGRICOLA%20S.R.L.S.%26quot%3B%2C%26quot%3BAROMACO%20SOCIETA%27%20AGRICOLA%20S.R.L.S.%26quot%3B%2C%26quot%3BLA%20MISTICANZA%20SOCIETA%27%20AGRICOLA%20S.A.S.%20DI%20VISTOCCO%20FILOMENA%20%26amp%3B%20C.%26quot%3B%2C%26quot%3BSOCIETA%27%20AGRICOLA%20ALLEVAMENTI%20DEL%20SELE%20SRLS%26quot%3B%2C%26quot%3BTENUTA%20GIULIANO%20DI%20FILOMENA%20GIULIANO%20%26amp%3B%20C.%20S.A.S.%20SOCIETA%27%20AGRICOL%20A%26quot%3B%2C%26quot%3BFEUDO%20RON%20ALFRE%27%20DI%20DE%20FILITTO%20NICOLETTA%26quot%3B%2C%26quot%3BCAPUTO%20BENEDETTO%26quot%3B%2C%26quot%3BVUOCOLO%20MARCO%26quot%3B%2C%26quot%3BPAGANO%20PIERLUIGI%26quot%3B%2C%26quot%3BPROFUMO%20DI%20LIMONE%20DI%20MAZZEO%20ESTER%26quot%3B%2C%26quot%3BAGRICOLA%20ROSELLINA%20DI%20DEL%20GAUDIO%20ALEXANDRE%26quot%3B%2C%26quot%3BDE%20LUCA%20ANTONIO%26quot%3B%2C%26quot%3BSABATINO%20GENNARO%26quot%3B%2C%26quot%3BAUTOTRASPORTI%20SPOLSINO%20DI%20SPOLSINO%20ANTONIO%26quot%3B%2C%26quot%3BORTOFELIX%20SOCIETA%27%20AGRICOLA%20SEMPLICE%26quot%3B%2C%26quot%3BSOCIETA%27%20AGRICOLA%20ORTO%20SUD%20S.S.%26quot%3B%2C%26quot%3BSOCIETA%27%20AGRICOLA%20ORTO%20SUD%20S.S.%26quot%3B%2C%26quot%3BSOCIETA%27%20AGRICOLA%20LA%20NUOVA%20TORRE%20S.S.%26quot%3B%2C%26quot%3BSOCIETA%27%20AGRICOLA%20LA%20NUOVA%20TORRE%20S.S.%26quot%3B%2C%26quot%3BSOCIETA%27%20AGRICOLA%20ORTO%20BIO%20DI%20FESTOSI%20G.%20%26amp%3B%20GIOINO%20D.%20SSA%26quot%3B%2C%26quot%3BFORTUNATO%20SOCIETA%27%20SEMPLICE%20AGRICOLA%26quot%3B%2C%26quot%3BSOCIETA%27%20SEMPLICE%20AGRICOLA%20RIVIERA%20DEL%20SOLE%26quot%3B%2C%26quot%3BGALUSCA%20%26amp%3B%20POPA%20SOCIETA%27%20AGRICOLA%20SEMPLICE%26quot%3B%2C%26quot%3BAGRISTAIANO%20SOCIETA%27%20SEMPLICE%20AGRICOLA%26quot%3B%2C%26quot%3BAZIENDA%20AGRICOLA%20BIROLINI%20ROBERTO%26quot%3B%2C%26quot%3BCAFARO%20GIANLUCA%26quot%3B%2C%26quot%3BGROSSI%20ANTONELLO%26quot%3B%2C%26quot%3BPARAGGIO%20SILVIO%26quot%3B%2C%26quot%3BAZIENDA%20AGRICOLA%20DELL%27ORTO%20ODINO%26quot%3B%2C%26quot%3BAGRI%20VOLPE%20DI%20GIOVANNI%20GRIMALDI%26quot%3B%2C%26quot%3BAZIENDA%20AGRICOLA%20COLICINO%20MARCO%20VALERIO%26quot%3B%2C%26quot%3BAZIENDA%20AGRICOLA%20PUNZI%20FRANCESCO%26quot%3B%2C%26quot%3BQUAGLIANO%20VINCENZA%26quot%3B%2C%26quot%3BAZIENDA%20AGRICOLA%20PALUMBO%20ERNESTO%26quot%3B%2C%26quot%3BCAVALIERE%20FELICITA%27%26quot%3B%2C%26quot%3BMIRRA%20FABIO%26quot%3B%2C%26quot%3BCALIFANO%20MARIALUISA%26quot%3B%2C%26quot%3BCALIFANO%20VINCENZO%26quot%3B%2C%26quot%3BVITALE%20ANTONIETTA%26quot%3B%2C%26quot%3BALESSANDRO%20MIRRA%20AZIENDA%20AGRICOLA%26quot%3B%2C%26quot%3BAZIENDA%20AGRICOLA%20ZOCCOLI%20FRANCESCO%26quot%3B%2C%26quot%3BSICA%20GIUSEPPE%26quot%3B%2C%26quot%3BARDOVINO%20EUGENIO%26quot%3B%2C%26quot%3BPALMENTIERI%20GESSICA%26quot%3B%2C%26quot%3BVISTOCCO%20ALESSANDRO%26quot%3B%2C%26quot%3BCOLICINO%20TEODORO%26quot%3B%2C%26quot%3BD%27ONOFRIO%20PINO%26quot%3B%2C%26quot%3BAZIENDA%20AGRICOLA%20BIOLOGICA%20BIOMILL%20DI%20CAMILLA%26quot%3B%2C%26quot%3BAZ.%20AGR.%20ALBANESE%20GIUSEPPE%26quot%3B%2C%26quot%3BAZIENDA%20AGRICOLA%20MONTEDORO%20DI%20ANTONIETTA%20BOFFA%26quot%3B%2C%26quot%3BRICCIARDI%20NICHOLAS%26quot%3B%2C%26quot%3BCARDINALE%20PAOLO%26quot%3B%2C%26quot%3BGLI%20ORTAGGI%20DELLA%20NONNA%20DI%20SIMONA%20PELLEGRINO%26quot%3B%2C%26quot%3BAZ.%20AGR.%20NAPOLITANO%20FRANCESCO%26quot%3B%2C%26quot%3BAZ.%20AGR.%20D%27AMATO%20SALVATORE%26quot%3B%2C%26quot%3BDI%20BIASE%20VITO%26quot%3B%2C%26quot%3BAZ.%20AGR.%20DI%20LEO%20PASQUALE%26quot%3B%2C%26quot%3BAZ.%20AGR.%20VOLPE%20GIUSY%26quot%3B%2C%26quot%3BD%27AMORE%20RITA%26quot%3B%2C%26quot%3BAZ.%20AGR.%20TEODONNO%20ANGELA%26quot%3B%2C%26quot%3BAZ.%20AGR.%20DI%20MATTEO%20MARIA%26quot%3B%2C%26quot%3BAZ.%20AGR.%20STABILE%20ALEX%26quot%3B%2C%26quot%3BQUARANTA%20PIETRO%26quot%3B%2C%26quot%3BAZ.%20AGR.%20INFANTE%20ANTONIO%26quot%3B%2C%26quot%3BAZ.%20AGR.%20ELIA%20ANTONIO%26quot%3B%2C%26quot%3BTERRALAVORO%20ANTONIO%26quot%3B%2C%26quot%3BHAFIDA%20RAFIK%26quot%3B%2C%26quot%3BSOCIETA%27%20AGRICOLA%20ORTOBIO%20S.S.%26quot%3B%2C%26quot%3BSOCIETA%27%20AGRICOLA%20AROMADOMUS%20S.R.L.%26quot%3B%2C%26quot%3BTRIARK%20SOCIETA%27%20A%20RESPONSABILITA%27%20LIMITATA%26quot%3B%2C%26quot%3BG%20%26amp%3B%20G%20S.R.L.%26quot%3B%2C%26quot%3BSAMAGRI%20S.R.L.%26quot%3B%2C%26quot%3BLA%20BONTA%27%20DEL%20SELE%20SOCIETA%27%20COOPERATIVA%20AGRICOLA%26quot%3B%2C%26quot%3BSATO%20GROUP%20S.R.L.S.%26quot%3B%2C%26quot%3BNASTRI%20FRANCESCO%26quot%3B%2C%26quot%3B%26quot%3B%2C%26quot%3B%26quot%3B%5D%7D%2C%7B%26quot%3Bname%26quot%3B%3A%26quot%3BAttivit%C3%A0%26quot%3B%2C%26quot%3Bdata%26quot%3B%3A%5B%26quot%3BRISTORANTE%20SENZA%20SOMMINISTRAZIONE%26quot%3B%2C%26quot%3BPASTICCERIA%26quot%3B%2C%26quot%3BPASTICCERIA%26quot%3B%2C%26quot%3BRISTORANTE%20CON%20SOMMINISTRAZIONE%26quot%3B%2C%26quot%3BRISTORANTE%20SENZA%20SOMMINISTRAZIONE%26quot%3B%2C%26quot%3BRISTORANTE%20SENZA%20SOMMINISTRAZIONE%26quot%3B%2C%26quot%3BRISTORANTE%20SENZA%20SOMMINISTRAZIONE%26quot%3B%2C%26quot%3BRISTORANTE%20CON%20SOMMINISTRAZIONE%26quot%3B%2C%26quot%3BCOMMERCIO%20AL%20DETTAGLIO%26quot%3B%2C%26quot%3BRISTORANTE%20CON%20SOMMINISTRAZIONE%26quot%3B%2C%26quot%3BRISTORANTE%20CON%20SOMMINISTRAZIONE%26quot%3B%2C%26quot%3BBAR%26quot%3B%2C%26quot%3BRISTORANTE%20CON%20SOMMINISTRAZIONE%26quot%3B%2C%26quot%3BRISTORANTE%20SENZA%20SOMMINISTRAZIONE%26quot%3B%2C%26quot%3BRISTORANTE%20CON%20SOMMINISTRAZIONE%26quot%3B%2C%26quot%3BPASTICCERIA%26quot%3B%2C%26quot%3BPASTICCERIA%26quot%3B%2C%26quot%3BRISTORANTE%20SENZA%20SOMMINISTRAZIONE%26quot%3B%2C%26quot%3BRISTORANTE%20CON%20SOMMINISTRAZIONE%26quot%3B%2C%26quot%3BRISTORANTE%20CON%20SOMMINISTRAZIONE%26quot%3B%2C%26quot%3BRISTORANTE%20CON%20SOMMINISTRAZIONE%26quot%3B%2C%26quot%3BBAR%26quot%3B%2C%26quot%3BRISTORANTE%20CON%20SOMMINISTRAZIONE%26quot%3B%2C%26quot%3BRISTORANTE%20CON%20SOMMINISTRAZIONE%26quot%3B%2C%26quot%3BRISTORANTE%20CON%20SOMMINISTRAZIONE%26quot%3B%2C%26quot%3BRISTORANTE%20SENZA%20SOMMINISTRAZIONE%26quot%3B%2C%26quot%3BRISTORANTE%20SENZA%20SOMMINISTRAZIONE%26quot%3B%2C%26quot%3BRISTORANTE%20CON%20SOMMINISTRAZIONE%26quot%3B%2C%26quot%3BRISTORANTE%20CON%20SOMMINISTRAZIONE%26quot%3B%2C%26quot%3BRISTORANTE%20CON%20SOMMINISTRAZIONE%26quot%3B%2C%26quot%3BBAR%26quot%3B%2C%26quot%3BRISTORANTE%20CON%20SOMMINISTRAZIONE%26quot%3B%2C%26quot%3BRISTORANTE%20SENZA%20SOMMINISTRAZIONE%26quot%3B%2C%26quot%3BBAR%26quot%3B%2C%26quot%3BRISTORANTE%20SENZA%20SOMMINISTRAZIONE%26quot%3B%2C%26quot%3BRISTORANTE%20SENZA%20SOMMINISTRAZIONE%26quot%3B%2C%26quot%3BRISTORANTE%20CON%20SOMMINISTRAZIONE%26quot%3B%2C%26quot%3BRISTORANTE%20CON%20SOMMINISTRAZIONE%26quot%3B%2C%26quot%3BRISTORANTE%20CON%20SOMMINISTRAZIONE%26quot%3B%2C%26quot%3BRISTORANTE%20CON%20SOMMINISTRAZIONE%26quot%3B%2C%26quot%3BRISTORANTE%20CON%20SOMMINISTRAZIONE%26quot%3B%2C%26quot%3BPASTICCERIA%26quot%3B%2C%26quot%3BCOLTIVAZIONE%26quot%3B%2C%26quot%3BCOLTIVAZIONE%26quot%3B%2C%26quot%3BCOLTIVAZIONE%26quot%3B%2C%26quot%3BCOLTIVAZIONE%26quot%3B%2C%26quot%3BCOLTIVAZIONE%26quot%3B%2C%26quot%3BCOLTIVAZIONE%26quot%3B%2C%26quot%3BCOLTIVAZIONE%26quot%3B%2C%26quot%3BCOLTIVAZIONE%26quot%3B%2C%26quot%3BCOLTIVAZIONE%26quot%3B%2C%26quot%3BCOLTIVAZIONE%26quot%3B%2C%26quot%3BCOLTIVAZIONE%26quot%3B%2C%26quot%3BCOLTIVAZIONE%26quot%3B%2C%26quot%3BCOLTIVAZIONE%26quot%3B%2C%26quot%3BCOLTIVAZIONE%26quot%3B%2C%26quot%3BCOLTIVAZIONE%26quot%3B%2C%26quot%3BCOLTIVAZIONE%26quot%3B%2C%26quot%3BCOLTIVAZIONE%26quot%3B%2C%26quot%3BCOLTIVAZIONE%26quot%3B%2C%26quot%3BCOLTIVAZIONE%26quot%3B%2C%26quot%3BCOLTIVAZIONE%26quot%3B%2C%26quot%3BCOLTIVAZIONE%26quot%3B%2C%26quot%3BCOLTIVAZIONE%26quot%3B%2C%26quot%3BCOLTIVAZIONE%26quot%3B%2C%26quot%3BCOLTIVAZIONE%26quot%3B%2C%26quot%3BCOLTIVAZIONE%26quot%3B%2C%26quot%3BCOLTIVAZIONE%26quot%3B%2C%26quot%3BCOLTIVAZIONE%26quot%3B%2C%26quot%3BCOLTIVAZIONE%26quot%3B%2C%26quot%3BCOLTIVAZIONE%26quot%3B%2C%26quot%3BCOLTIVAZIONE%26quot%3B%2C%26quot%3BCOLTIVAZIONE%26quot%3B%2C%26quot%3BCOLTIVAZIONE%26quot%3B%2C%26quot%3BCOLTIVAZIONE%26quot%3B%2C%26quot%3BCOLTIVAZIONE%26quot%3B%2C%26quot%3BCOLTIVAZIONE%26quot%3B%2C%26quot%3BCOLTIVAZIONE%26quot%3B%2C%26quot%3BCOLTIVAZIONE%26quot%3B%2C%26quot%3BCOLTIVAZIONE%26quot%3B%2C%26quot%3BCOLTIVAZIONE%26quot%3B%2C%26quot%3BCOLTIVAZIONE%26quot%3B%2C%26quot%3BCOLTIVAZIONE%26quot%3B%2C%26quot%3BCOLTIVAZIONE%26quot%3B%2C%26quot%3BCOLTIVAZIONE%26quot%3B%2C%26quot%3BCOLTIVAZIONE%26quot%3B%2C%26quot%3BCOLTIVAZIONE%26quot%3B%2C%26quot%3BCOLTIVAZIONE%26quot%3B%2C%26quot%3BCOLTIVAZIONE%26quot%3B%2C%26quot%3BCOLTIVAZIONE%26quot%3B%2C%26quot%3BCOLTIVAZIONE%26quot%3B%2C%26quot%3BCOLTIVAZIONE%26quot%3B%2C%26quot%3BCOLTIVAZIONE%26quot%3B%2C%26quot%3BCOLTIVAZIONE%26quot%3B%2C%26quot%3BCOLTIVAZIONE%26quot%3B%2C%26quot%3BCOLTIVAZIONE%26quot%3B%2C%26quot%3BALLEVAMENTO%26quot%3B%2C%26quot%3BCOLTIVAZIONE%26quot%3B%2C%26quot%3BCOLTIVAZIONE%26quot%3B%2C%26quot%3BCOLTIVAZIONE%26quot%3B%2C%26quot%3BCOLTIVAZIONE%26quot%3B%2C%26quot%3BCOLTIVAZIONE%26quot%3B%2C%26quot%3BCOLTIVAZIONE%26quot%3B%2C%26quot%3BCOLTIVAZIONE%26quot%3B%2C%26quot%3BCOLTIVAZIONE%26quot%3B%2C%26quot%3BCOLTIVAZIONE%26quot%3B%2C%26quot%3BCOLTIVAZIONE%26quot%3B%2C%26quot%3BCOLTIVAZIONE%26quot%3B%2C%26quot%3BCOLTIVAZIONE%26quot%3B%2C%26quot%3BCOLTIVAZIONE%26quot%3B%2C%26quot%3BCOLTIVAZIONE%26quot%3B%2C%26quot%3BCOLTIVAZIONE%26quot%3B%2C%26quot%3BCOLTIVAZIONE%26quot%3B%2C%26quot%3BCOLTIVAZIONE%26quot%3B%2C%26quot%3BCOLTIVAZIONE%26quot%3B%2C%26quot%3BCOLTIVAZIONE%26quot%3B%2C%26quot%3BCOLTIVAZIONE%26quot%3B%2C%26quot%3BCOLTIVAZIONE%26quot%3B%2C%26quot%3BCOLTIVAZIONE%26quot%3B%2C%26quot%3BCOLTIVAZIONE%26quot%3B%2C%26quot%3BCOLTIVAZIONE%26quot%3B%2C%26quot%3BCOLTIVAZIONE%26quot%3B%2C%26quot%3BCOLTIVAZIONE%26quot%3B%2C%26quot%3BCOLTIVAZIONE%26quot%3B%2C%26quot%3BCOLTIVAZIONE%26quot%3B%2C%26quot%3BCOLTIVAZIONE%26quot%3B%2C%26quot%3BALLEVAMENTO%26quot%3B%2C%26quot%3BCOLTIVAZIONE%26quot%3B%2C%26quot%3BCOLTIVAZIONE%26quot%3B%2C%26quot%3BCOLTIVAZIONE%26quot%3B%2C%26quot%3BCOLTIVAZIONE%26quot%3B%2C%26quot%3BCOLTIVAZIONE%26quot%3B%2C%26quot%3BCOLTIVAZIONE%26quot%3B%2C%26quot%3BCOLTIVAZIONE%26quot%3B%2C%26quot%3BCOLTIVAZIONE%26quot%3B%2C%26quot%3BCOLTIVAZIONE%26quot%3B%2C%26quot%3BCOLTIVAZIONE%26quot%3B%2C%26quot%3BCOLTIVAZIONE%26quot%3B%2C%26quot%3BCOLTIVAZIONE%26quot%3B%2C%26quot%3BCOLTIVAZIONE%26quot%3B%2C%26quot%3BCOLTIVAZIONE%26quot%3B%2C%26quot%3BCOLTIVAZIONE%26quot%3B%2C%26quot%3BALLEVAMENTO%26quot%3B%2C%26quot%3BCOLTIVAZIONE%26quot%3B%2C%26quot%3BCOLTIVAZIONE%26quot%3B%2C%26quot%3BCOLTIVAZIONE%26quot%3B%2C%26quot%3BCOLTIVAZIONE%26quot%3B%2C%26quot%3BCOLTIVAZIONE%26quot%3B%2C%26quot%3BCOMMERCIO%20AL%20DETTAGLIO%26quot%3B%2C%26quot%3BCOLTIVAZIONE%26quot%3B%2C%26quot%3BCOLTIVAZIONE%26quot%3B%2C%26quot%3BCOLTIVAZIONE%26quot%3B%2C%26quot%3BCOLTIVAZIONE%26quot%3B%2C%26quot%3BCOLTIVAZIONE%26quot%3B%2C%26quot%3BCOLTIVAZIONE%26quot%3B%2C%26quot%3BCOLTIVAZIONE%26quot%3B%2C%26quot%3BCOLTIVAZIONE%26quot%3B%2C%26quot%3BCOLTIVAZIONE%26quot%3B%2C%26quot%3BCOLTIVAZIONE%26quot%3B%2C%26quot%3BAGENZIA%20D%27AFFARI%26quot%3B%2C%26quot%3BCOLTIVAZIONE%26quot%3B%2C%26quot%3BCOLTIVAZIONE%26quot%3B%2C%26quot%3BASSISTENZA%20TURISTICA%26quot%3B%2C%26quot%3BINFORMAZIONE%20ASSENTE%26quot%3B%2C%26quot%3BREALIZZAZIONE%20IMPIANTI%20DI%20PRODUZIONE%26quot%3B%2C%26quot%3BCOLTIVAZIONE%26quot%3B%2C%26quot%3BAGENZIA%20DI%20VIAGGI%26quot%3B%2C%26quot%3BCOMMERCIO%20AL%20DETTAGLIO%26quot%3B%2C%26quot%3B%26quot%3B%2C%26quot%3B%26quot%3B%5D%7D%5D%22%3E%3C%2Ftimeline-datalet%3E\"><\/div>\n<p>&nbsp;<\/p>\n<p>L&#8217;evento \u00e8 stato concluso dal Dott. <strong>Gianluca Santangelo<\/strong>, esperto in Beni culturali, che dopo aver ascoltato i lavori e discusso sui temi affrontati, si \u00e8 congratulato con le scuole per i risultati raggiunti, ringraziando anche docenti e tutor dei vari Istituti che hanno espresso il loro entusiasmo per il progetto e la volont\u00e0 di continuare la proficua collaborazione anche per l&#8217;anno prossimo.<\/p>\n<p><img loading=\"lazy\" decoding=\"async\" class=\"aligncenter wp-image-2767 size-full\" src=\"http:\/\/www.hetor.it\/site\/wp-content\/uploads\/2019\/06\/5944a16a-0edd-4877-9c09-fe8e7f581c1d-e1559711905336.jpg\" alt=\"\" width=\"967\" height=\"396\" srcset=\"http:\/\/www.hetor.it\/site\/wp-content\/uploads\/2019\/06\/5944a16a-0edd-4877-9c09-fe8e7f581c1d-e1559711905336.jpg 967w, http:\/\/www.hetor.it\/site\/wp-content\/uploads\/2019\/06\/5944a16a-0edd-4877-9c09-fe8e7f581c1d-e1559711905336-300x123.jpg 300w, http:\/\/www.hetor.it\/site\/wp-content\/uploads\/2019\/06\/5944a16a-0edd-4877-9c09-fe8e7f581c1d-e1559711905336-768x315.jpg 768w\" sizes=\"(max-width: 967px) 100vw, 967px\" \/><\/p>\n","protected":false},"excerpt":{"rendered":"<div class=\"slide-text-bg2\">\n<h3>Evento conclusivo dei progetti di Alternanza Scuola &#8211; Lavoro 2018-2019 con il Progetto Hetor Marted\u00ec 28 Maggio 2019 si \u00e8<\/h3>\n<\/div>\n<div class=\"flex-btn-div\"><a href=\"http:\/\/www.hetor.it\/site\/scuole-open-data-cultura\/\" class=\"btn1 flex-btn\">Leggi tutto<\/a><\/div>\n","protected":false},"author":8,"featured_media":2766,"comment_status":"open","ping_status":"open","sticky":false,"template":"","format":"standard","meta":{"_monsterinsights_skip_tracking":false,"_monsterinsights_sitenote_active":false,"_monsterinsights_sitenote_note":"","_monsterinsights_sitenote_category":0,"footnotes":""},"categories":[23,9],"tags":[],"coauthors":[8],"yoast_head":"<!-- This site is optimized with the Yoast SEO plugin v23.0 - https:\/\/yoast.com\/wordpress\/plugins\/seo\/ -->\n<title>Scuole &amp; Open Data: la cultura vince! - Hetor<\/title>\n<meta name=\"description\" content=\"Gli studenti hanno lavorato nell&#039;ambito della valorizzazione del patrimonio culturale della Regione Campania, contribuendo alla creazione di dataset open\" \/>\n<meta name=\"robots\" content=\"index, follow, max-snippet:-1, max-image-preview:large, max-video-preview:-1\" \/>\n<link rel=\"canonical\" href=\"http:\/\/www.hetor.it\/site\/scuole-open-data-cultura\/\" \/>\n<meta property=\"og:locale\" content=\"it_IT\" \/>\n<meta property=\"og:type\" content=\"article\" \/>\n<meta property=\"og:title\" content=\"Scuole &amp; Open Data: la cultura vince! - Hetor\" \/>\n<meta property=\"og:description\" content=\"Gli studenti hanno lavorato nell&#039;ambito della valorizzazione del patrimonio culturale della Regione Campania, contribuendo alla creazione di dataset open\" \/>\n<meta property=\"og:url\" content=\"http:\/\/www.hetor.it\/site\/scuole-open-data-cultura\/\" \/>\n<meta property=\"og:site_name\" content=\"Hetor\" \/>\n<meta property=\"article:publisher\" content=\"https:\/\/www.facebook.com\/progettohetor\/\" \/>\n<meta property=\"article:published_time\" content=\"2019-06-06T04:30:25+00:00\" \/>\n<meta property=\"og:image\" content=\"http:\/\/www.hetor.it\/site\/wp-content\/uploads\/2019\/06\/asl-.png\" \/>\n\t<meta property=\"og:image:width\" content=\"780\" \/>\n\t<meta property=\"og:image:height\" content=\"410\" \/>\n\t<meta property=\"og:image:type\" content=\"image\/png\" \/>\n<meta name=\"author\" content=\"Carmela Luciano\" \/>\n<meta name=\"twitter:card\" content=\"summary_large_image\" \/>\n<meta name=\"twitter:label1\" content=\"Scritto da\" \/>\n\t<meta name=\"twitter:data1\" content=\"Carmela Luciano\" \/>\n\t<meta name=\"twitter:label2\" content=\"Tempo di lettura stimato\" \/>\n\t<meta name=\"twitter:data2\" content=\"26 minuti\" \/>\n\t<meta name=\"twitter:label3\" content=\"Written by\" \/>\n\t<meta name=\"twitter:data3\" content=\"Carmela Luciano\" \/>\n<script type=\"application\/ld+json\" class=\"yoast-schema-graph\">{\"@context\":\"https:\/\/schema.org\",\"@graph\":[{\"@type\":\"Article\",\"@id\":\"http:\/\/www.hetor.it\/site\/scuole-open-data-cultura\/#article\",\"isPartOf\":{\"@id\":\"http:\/\/www.hetor.it\/site\/scuole-open-data-cultura\/\"},\"author\":{\"name\":\"Carmela Luciano\",\"@id\":\"http:\/\/www.hetor.it\/site\/#\/schema\/person\/9f39cda61bd129e8dcdbb42f988d8717\"},\"headline\":\"Scuole &#038; Open Data: la cultura vince!\",\"datePublished\":\"2019-06-06T04:30:25+00:00\",\"dateModified\":\"2019-06-06T04:30:25+00:00\",\"mainEntityOfPage\":{\"@id\":\"http:\/\/www.hetor.it\/site\/scuole-open-data-cultura\/\"},\"wordCount\":5288,\"commentCount\":0,\"publisher\":{\"@id\":\"http:\/\/www.hetor.it\/site\/#organization\"},\"image\":{\"@id\":\"http:\/\/www.hetor.it\/site\/scuole-open-data-cultura\/#primaryimage\"},\"thumbnailUrl\":\"http:\/\/www.hetor.it\/site\/wp-content\/uploads\/2019\/06\/asl-.png\",\"articleSection\":[\"Alternanza Scuola-Lavoro\",\"Editoriale\"],\"inLanguage\":\"it-IT\",\"potentialAction\":[{\"@type\":\"CommentAction\",\"name\":\"Comment\",\"target\":[\"http:\/\/www.hetor.it\/site\/scuole-open-data-cultura\/#respond\"]}]},{\"@type\":\"WebPage\",\"@id\":\"http:\/\/www.hetor.it\/site\/scuole-open-data-cultura\/\",\"url\":\"http:\/\/www.hetor.it\/site\/scuole-open-data-cultura\/\",\"name\":\"Scuole & Open Data: la cultura vince! - Hetor\",\"isPartOf\":{\"@id\":\"http:\/\/www.hetor.it\/site\/#website\"},\"primaryImageOfPage\":{\"@id\":\"http:\/\/www.hetor.it\/site\/scuole-open-data-cultura\/#primaryimage\"},\"image\":{\"@id\":\"http:\/\/www.hetor.it\/site\/scuole-open-data-cultura\/#primaryimage\"},\"thumbnailUrl\":\"http:\/\/www.hetor.it\/site\/wp-content\/uploads\/2019\/06\/asl-.png\",\"datePublished\":\"2019-06-06T04:30:25+00:00\",\"dateModified\":\"2019-06-06T04:30:25+00:00\",\"description\":\"Gli studenti hanno lavorato nell'ambito della valorizzazione del patrimonio culturale della Regione Campania, contribuendo alla creazione di dataset open\",\"breadcrumb\":{\"@id\":\"http:\/\/www.hetor.it\/site\/scuole-open-data-cultura\/#breadcrumb\"},\"inLanguage\":\"it-IT\",\"potentialAction\":[{\"@type\":\"ReadAction\",\"target\":[\"http:\/\/www.hetor.it\/site\/scuole-open-data-cultura\/\"]}]},{\"@type\":\"ImageObject\",\"inLanguage\":\"it-IT\",\"@id\":\"http:\/\/www.hetor.it\/site\/scuole-open-data-cultura\/#primaryimage\",\"url\":\"http:\/\/www.hetor.it\/site\/wp-content\/uploads\/2019\/06\/asl-.png\",\"contentUrl\":\"http:\/\/www.hetor.it\/site\/wp-content\/uploads\/2019\/06\/asl-.png\",\"width\":780,\"height\":410},{\"@type\":\"BreadcrumbList\",\"@id\":\"http:\/\/www.hetor.it\/site\/scuole-open-data-cultura\/#breadcrumb\",\"itemListElement\":[{\"@type\":\"ListItem\",\"position\":1,\"name\":\"Home\",\"item\":\"http:\/\/www.hetor.it\/site\/\"},{\"@type\":\"ListItem\",\"position\":2,\"name\":\"Scuole &#038; Open Data: la cultura vince!\"}]},{\"@type\":\"WebSite\",\"@id\":\"http:\/\/www.hetor.it\/site\/#website\",\"url\":\"http:\/\/www.hetor.it\/site\/\",\"name\":\"Hetor\",\"description\":\"La Campania da riscoprire\",\"publisher\":{\"@id\":\"http:\/\/www.hetor.it\/site\/#organization\"},\"potentialAction\":[{\"@type\":\"SearchAction\",\"target\":{\"@type\":\"EntryPoint\",\"urlTemplate\":\"http:\/\/www.hetor.it\/site\/?s={search_term_string}\"},\"query-input\":\"required name=search_term_string\"}],\"inLanguage\":\"it-IT\"},{\"@type\":\"Organization\",\"@id\":\"http:\/\/www.hetor.it\/site\/#organization\",\"name\":\"Hetor\",\"url\":\"http:\/\/www.hetor.it\/site\/\",\"logo\":{\"@type\":\"ImageObject\",\"inLanguage\":\"it-IT\",\"@id\":\"http:\/\/www.hetor.it\/site\/#\/schema\/logo\/image\/\",\"url\":\"http:\/\/www.hetor.it\/site\/wp-content\/uploads\/2016\/11\/hetor-logo-small.jpg\",\"contentUrl\":\"http:\/\/www.hetor.it\/site\/wp-content\/uploads\/2016\/11\/hetor-logo-small.jpg\",\"width\":200,\"height\":200,\"caption\":\"Hetor\"},\"image\":{\"@id\":\"http:\/\/www.hetor.it\/site\/#\/schema\/logo\/image\/\"},\"sameAs\":[\"https:\/\/www.facebook.com\/progettohetor\/\",\"https:\/\/www.instagram.com\/progetto_hetor\/\"]},{\"@type\":\"Person\",\"@id\":\"http:\/\/www.hetor.it\/site\/#\/schema\/person\/9f39cda61bd129e8dcdbb42f988d8717\",\"name\":\"Carmela Luciano\",\"image\":{\"@type\":\"ImageObject\",\"inLanguage\":\"it-IT\",\"@id\":\"http:\/\/www.hetor.it\/site\/#\/schema\/person\/image\/c21b3bc38906c2a387c5353b1f8bb447\",\"url\":\"http:\/\/1.gravatar.com\/avatar\/1ebedaaeaf7a6f8633e6f1718f186c55?s=96&d=mm&r=g\",\"contentUrl\":\"http:\/\/1.gravatar.com\/avatar\/1ebedaaeaf7a6f8633e6f1718f186c55?s=96&d=mm&r=g\",\"caption\":\"Carmela Luciano\"},\"description\":\"Laureata in Lingue e Letterature Moderne presso l'Universit\u00e0 degli Studi di Salerno. Borsista presso ISISLab all'Universit\u00e0 degli Studi di Salerno. Social Media Manager, Open Data Specialist e gestore delle attivit\u00e0 del Progetto Hetor.\",\"url\":\"http:\/\/www.hetor.it\/site\/author\/carluc\/\"}]}<\/script>\n<!-- \/ Yoast SEO plugin. -->","yoast_head_json":{"title":"Scuole & Open Data: la cultura vince! - Hetor","description":"Gli studenti hanno lavorato nell'ambito della valorizzazione del patrimonio culturale della Regione Campania, contribuendo alla creazione di dataset open","robots":{"index":"index","follow":"follow","max-snippet":"max-snippet:-1","max-image-preview":"max-image-preview:large","max-video-preview":"max-video-preview:-1"},"canonical":"http:\/\/www.hetor.it\/site\/scuole-open-data-cultura\/","og_locale":"it_IT","og_type":"article","og_title":"Scuole & Open Data: la cultura vince! - Hetor","og_description":"Gli studenti hanno lavorato nell'ambito della valorizzazione del patrimonio culturale della Regione Campania, contribuendo alla creazione di dataset open","og_url":"http:\/\/www.hetor.it\/site\/scuole-open-data-cultura\/","og_site_name":"Hetor","article_publisher":"https:\/\/www.facebook.com\/progettohetor\/","article_published_time":"2019-06-06T04:30:25+00:00","og_image":[{"width":780,"height":410,"url":"http:\/\/www.hetor.it\/site\/wp-content\/uploads\/2019\/06\/asl-.png","type":"image\/png"}],"author":"Carmela Luciano","twitter_card":"summary_large_image","twitter_misc":{"Scritto da":"Carmela Luciano","Tempo di lettura stimato":"26 minuti","Written by":"Carmela Luciano"},"schema":{"@context":"https:\/\/schema.org","@graph":[{"@type":"Article","@id":"http:\/\/www.hetor.it\/site\/scuole-open-data-cultura\/#article","isPartOf":{"@id":"http:\/\/www.hetor.it\/site\/scuole-open-data-cultura\/"},"author":{"name":"Carmela Luciano","@id":"http:\/\/www.hetor.it\/site\/#\/schema\/person\/9f39cda61bd129e8dcdbb42f988d8717"},"headline":"Scuole &#038; Open Data: la cultura vince!","datePublished":"2019-06-06T04:30:25+00:00","dateModified":"2019-06-06T04:30:25+00:00","mainEntityOfPage":{"@id":"http:\/\/www.hetor.it\/site\/scuole-open-data-cultura\/"},"wordCount":5288,"commentCount":0,"publisher":{"@id":"http:\/\/www.hetor.it\/site\/#organization"},"image":{"@id":"http:\/\/www.hetor.it\/site\/scuole-open-data-cultura\/#primaryimage"},"thumbnailUrl":"http:\/\/www.hetor.it\/site\/wp-content\/uploads\/2019\/06\/asl-.png","articleSection":["Alternanza Scuola-Lavoro","Editoriale"],"inLanguage":"it-IT","potentialAction":[{"@type":"CommentAction","name":"Comment","target":["http:\/\/www.hetor.it\/site\/scuole-open-data-cultura\/#respond"]}]},{"@type":"WebPage","@id":"http:\/\/www.hetor.it\/site\/scuole-open-data-cultura\/","url":"http:\/\/www.hetor.it\/site\/scuole-open-data-cultura\/","name":"Scuole & Open Data: la cultura vince! - Hetor","isPartOf":{"@id":"http:\/\/www.hetor.it\/site\/#website"},"primaryImageOfPage":{"@id":"http:\/\/www.hetor.it\/site\/scuole-open-data-cultura\/#primaryimage"},"image":{"@id":"http:\/\/www.hetor.it\/site\/scuole-open-data-cultura\/#primaryimage"},"thumbnailUrl":"http:\/\/www.hetor.it\/site\/wp-content\/uploads\/2019\/06\/asl-.png","datePublished":"2019-06-06T04:30:25+00:00","dateModified":"2019-06-06T04:30:25+00:00","description":"Gli studenti hanno lavorato nell'ambito della valorizzazione del patrimonio culturale della Regione Campania, contribuendo alla creazione di dataset open","breadcrumb":{"@id":"http:\/\/www.hetor.it\/site\/scuole-open-data-cultura\/#breadcrumb"},"inLanguage":"it-IT","potentialAction":[{"@type":"ReadAction","target":["http:\/\/www.hetor.it\/site\/scuole-open-data-cultura\/"]}]},{"@type":"ImageObject","inLanguage":"it-IT","@id":"http:\/\/www.hetor.it\/site\/scuole-open-data-cultura\/#primaryimage","url":"http:\/\/www.hetor.it\/site\/wp-content\/uploads\/2019\/06\/asl-.png","contentUrl":"http:\/\/www.hetor.it\/site\/wp-content\/uploads\/2019\/06\/asl-.png","width":780,"height":410},{"@type":"BreadcrumbList","@id":"http:\/\/www.hetor.it\/site\/scuole-open-data-cultura\/#breadcrumb","itemListElement":[{"@type":"ListItem","position":1,"name":"Home","item":"http:\/\/www.hetor.it\/site\/"},{"@type":"ListItem","position":2,"name":"Scuole &#038; Open Data: la cultura vince!"}]},{"@type":"WebSite","@id":"http:\/\/www.hetor.it\/site\/#website","url":"http:\/\/www.hetor.it\/site\/","name":"Hetor","description":"La Campania da riscoprire","publisher":{"@id":"http:\/\/www.hetor.it\/site\/#organization"},"potentialAction":[{"@type":"SearchAction","target":{"@type":"EntryPoint","urlTemplate":"http:\/\/www.hetor.it\/site\/?s={search_term_string}"},"query-input":"required name=search_term_string"}],"inLanguage":"it-IT"},{"@type":"Organization","@id":"http:\/\/www.hetor.it\/site\/#organization","name":"Hetor","url":"http:\/\/www.hetor.it\/site\/","logo":{"@type":"ImageObject","inLanguage":"it-IT","@id":"http:\/\/www.hetor.it\/site\/#\/schema\/logo\/image\/","url":"http:\/\/www.hetor.it\/site\/wp-content\/uploads\/2016\/11\/hetor-logo-small.jpg","contentUrl":"http:\/\/www.hetor.it\/site\/wp-content\/uploads\/2016\/11\/hetor-logo-small.jpg","width":200,"height":200,"caption":"Hetor"},"image":{"@id":"http:\/\/www.hetor.it\/site\/#\/schema\/logo\/image\/"},"sameAs":["https:\/\/www.facebook.com\/progettohetor\/","https:\/\/www.instagram.com\/progetto_hetor\/"]},{"@type":"Person","@id":"http:\/\/www.hetor.it\/site\/#\/schema\/person\/9f39cda61bd129e8dcdbb42f988d8717","name":"Carmela Luciano","image":{"@type":"ImageObject","inLanguage":"it-IT","@id":"http:\/\/www.hetor.it\/site\/#\/schema\/person\/image\/c21b3bc38906c2a387c5353b1f8bb447","url":"http:\/\/1.gravatar.com\/avatar\/1ebedaaeaf7a6f8633e6f1718f186c55?s=96&d=mm&r=g","contentUrl":"http:\/\/1.gravatar.com\/avatar\/1ebedaaeaf7a6f8633e6f1718f186c55?s=96&d=mm&r=g","caption":"Carmela Luciano"},"description":"Laureata in Lingue e Letterature Moderne presso l'Universit\u00e0 degli Studi di Salerno. Borsista presso ISISLab all'Universit\u00e0 degli Studi di Salerno. Social Media Manager, Open Data Specialist e gestore delle attivit\u00e0 del Progetto Hetor.","url":"http:\/\/www.hetor.it\/site\/author\/carluc\/"}]}},"_links":{"self":[{"href":"http:\/\/www.hetor.it\/site\/wp-json\/wp\/v2\/posts\/2749"}],"collection":[{"href":"http:\/\/www.hetor.it\/site\/wp-json\/wp\/v2\/posts"}],"about":[{"href":"http:\/\/www.hetor.it\/site\/wp-json\/wp\/v2\/types\/post"}],"author":[{"embeddable":true,"href":"http:\/\/www.hetor.it\/site\/wp-json\/wp\/v2\/users\/8"}],"replies":[{"embeddable":true,"href":"http:\/\/www.hetor.it\/site\/wp-json\/wp\/v2\/comments?post=2749"}],"version-history":[{"count":20,"href":"http:\/\/www.hetor.it\/site\/wp-json\/wp\/v2\/posts\/2749\/revisions"}],"predecessor-version":[{"id":4291,"href":"http:\/\/www.hetor.it\/site\/wp-json\/wp\/v2\/posts\/2749\/revisions\/4291"}],"wp:featuredmedia":[{"embeddable":true,"href":"http:\/\/www.hetor.it\/site\/wp-json\/wp\/v2\/media\/2766"}],"wp:attachment":[{"href":"http:\/\/www.hetor.it\/site\/wp-json\/wp\/v2\/media?parent=2749"}],"wp:term":[{"taxonomy":"category","embeddable":true,"href":"http:\/\/www.hetor.it\/site\/wp-json\/wp\/v2\/categories?post=2749"},{"taxonomy":"post_tag","embeddable":true,"href":"http:\/\/www.hetor.it\/site\/wp-json\/wp\/v2\/tags?post=2749"},{"taxonomy":"author","embeddable":true,"href":"http:\/\/www.hetor.it\/site\/wp-json\/wp\/v2\/coauthors?post=2749"}],"curies":[{"name":"wp","href":"https:\/\/api.w.org\/{rel}","templated":true}]}}